{"id":25002,"date":"2012-06-29T14:18:12","date_gmt":"2012-06-29T17:18:12","guid":{"rendered":"http:\/\/www.elsindical.com.ar\/notas\/?p=25002"},"modified":"2012-06-29T14:18:12","modified_gmt":"2012-06-29T17:18:12","slug":"campanafuga-peligroso-delincuente-de-la-unidad-41-en-un-nuevo-papelon-del-spb","status":"publish","type":"post","link":"https:\/\/www.elsindical.com.ar\/notas\/campanafuga-peligroso-delincuente-de-la-unidad-41-en-un-nuevo-papelon-del-spb\/","title":{"rendered":"Campana:Fuga peligroso delincuente de la Unidad 41, en un nuevo papel\u00f3n del SPB"},"content":{"rendered":"<p style=\"text-align: justify;\"><em><a href=\"http:\/\/www.elsindical.com.ar\/notas\/var\/www\/html\/notas\/wp-content\/uploads\/2012\/06\/Gustavo-Maciel-Villaverde.jpg\"><img loading=\"lazy\" decoding=\"async\" class=\"alignleft size-medium wp-image-25003\" title=\"Gustavo-Maciel-Villaverde\" src=\"http:\/\/www.elsindical.com.ar\/notas\/var\/www\/html\/notas\/wp-content\/uploads\/2012\/06\/Gustavo-Maciel-Villaverde-300x300.jpg\" alt=\"\" width=\"300\" height=\"300\" srcset=\"https:\/\/www.elsindical.com.ar\/notas\/var\/www\/html\/notas\/wp-content\/uploads\/2012\/06\/Gustavo-Maciel-Villaverde-300x300.jpg 300w, https:\/\/www.elsindical.com.ar\/notas\/var\/www\/html\/notas\/wp-content\/uploads\/2012\/06\/Gustavo-Maciel-Villaverde-150x150.jpg 150w, https:\/\/www.elsindical.com.ar\/notas\/var\/www\/html\/notas\/wp-content\/uploads\/2012\/06\/Gustavo-Maciel-Villaverde.jpg 413w\" sizes=\"auto, (max-width: 300px) 100vw, 300px\" \/><\/a>El hecho se produjo hace m\u00e1s de quince d\u00edas pero reci\u00e9n ayer se descubri\u00f3. Investigan si hubo complicidad interna en el hecho. Fue la segunda vez que se fugaba de un penal. El escape fue en las narices de autoridades penitenciarios. Sus secuaces simularon un traslado a otro penal -con oficios falsificados- y se lo llevaron.<\/em><\/p>\n<p style=\"text-align: justify;\" align=\"justify\">Gustavo Maciel Villaverde, alias \u00abPoxi\u00bb y\/o \u00abEl Simulador\u00bb sum\u00f3 un nuevo cap\u00edtulo a su voluminoso prontuario al protagonizar una fuga en las narices de autoridades penitenciarias en un hecho que puede calificarse de cinematogr\u00e1fico.<\/p>\n<p style=\"text-align: justify;\" align=\"justify\">El evadido salt\u00f3 a la escena nacional en varias ocasiones. Form\u00f3 parte de la banda del peligroso delincuente ya asesinado N\u00e9stor \u00abSopapita\u00bb Merlo, bale\u00f3 al periodista -ya fallecido- Enrique Sdrech y ya cuenta con un antecedente de fuga en la Unidad 9 de La Plata.<\/p>\n<p style=\"text-align: justify;\" align=\"justify\">Ayer se confirm\u00f3 que \u00abEl Simulador\u00bb se fug\u00f3 de la Unidad Penal 41 del Servicio Penitenciario Bonaerense. El hecho ocurri\u00f3 hace m\u00e1s de dos semanas, pero fue descubierto en las \u00faltimas horas del martes cuando el interno deb\u00eda ser trasladado a las sedes judiciales de Mor\u00f3n y San Mart\u00edn, donde tiene causas pendientes con la Ley.<\/p>\n<p style=\"text-align: justify;\" align=\"justify\">Desde el penal informaron que el interno hab\u00eda sido trasladado por orden judicial pero nadie sab\u00eda a d\u00f3nde. Cuando las autoridades fueron a buscar el oficio del \u00faltimo \u00abtraslado\u00bb, concluyeron que se trat\u00f3 de un documento falsificado.<\/p>\n<p style=\"text-align: justify;\" align=\"justify\">Se sospecha que c\u00f3mplices del peligroso delincuente llegaron en autos que simulaban ser del Servicio Penitenciario Bonaerense con un oficio ap\u00f3crifo. Esa puesta en escena sirvi\u00f3 como cortina de humo por la que se escurri\u00f3 el lugarteniente de \u00abSopapita\u00bb Merlo, con quienes protagonizaron golpes a camiones blindados y salideras bancarias, entre otros graves delitos.<\/p>\n<p style=\"text-align: justify;\" align=\"justify\">El 18 de julio de 2008, con otro oficio falso, el reo se escap\u00f3 de la Unidad Penal 9 de La Plata. Sali\u00f3 caminando, gracias a que falsific\u00f3 la firma de la Secretaria del Juzgado Nro 3 de Mor\u00f3n, Ver\u00f3nica Jerez. Cuando la jueza a cargo inspeccion\u00f3 la c\u00e1rcel y pidi\u00f3 ver al reo, que ten\u00eda reclusi\u00f3n perpetua, los guardiac\u00e1rceles le respondieron que desde su juzgado le hab\u00edan concedido el beneficio. La magistrada pidi\u00f3 ver los papeles y as\u00ed descubri\u00f3 que hab\u00edan trucado la firma de su colaboradora.<\/p>\n<p style=\"text-align: justify;\" align=\"justify\">El 1\u00ba de diciembre de 2011, Villaverde volvi\u00f3 a ser detenido tras un intento de robo a mano armada y un tiroteo con la Polic\u00eda de San Miguel, durante el cual muri\u00f3 un c\u00f3mplice. En ese momento, el lugarteniente de \u00abSopapita\u00bb fue apresado bajo la falsa identidad de Marcelo Ram\u00f3n Salazar. \u00abPoxi\u00bb est\u00e1 acusado, adem\u00e1s, de ser quien bale\u00f3 al periodista Enrique Sdrech cuando cubr\u00eda la muerte de \u00abSopapita\u00bb Merlo, asesinado a mazazos por un almacenero en la villa El Mercado, de Caseros, en 1996.<\/p>\n<p style=\"text-align: justify;\">\u00abSopapita\u00bb fue a mediados de los 90 uno de los m\u00e1s conocidos ladrones de la zona Oeste. Su banda hac\u00eda base en la villa El Mercado, de Caseros, y lleg\u00f3 a encabezar enfrentamientos contra bandas de la vecina Carlos Gardel y hasta a balear el frente de una comisar\u00eda con una ametralladora.<\/p>\n<p style=\"text-align: justify;\">Fuentes de la Unidad N\u00ba 30 de General Alvear, \u201cel interno fue trasladado de esta c\u00e1rcel hac\u00eda Campana. Hasta all\u00ed fue custodiado con oficiales del Penal\u201d.<\/p>\n<p style=\"text-align: justify;\">Y a\u00f1adieron: \u201cMaciel Villaverde se dirigi\u00f3 a la Unidad de Campana\u00a0 y all\u00ed ten\u00eda siete d\u00edas de visitas de familiares\u00bb. Igualmente, a pesar de esto, no deja de ser un interno de la Unidad de la S\u00e9ptima Secci\u00f3n electoral, ya que luego deb\u00eda regresar al Penal N\u00ba 30.Este tipo de salida a otro Penal se da a ra\u00edz de las distancias que separa General Alvear del lugar de origen de Maciel Villaverde.<\/p>\n<p style=\"text-align: justify;\">Por este nuevo suceso esc\u00e1ndaloso, la nueva Jefa del Servicio Penitenciario Bonaerense, la Dra. Florencia Piermarini, habr\u00eda presentado su renuncia al gobernador Daniel Scioli, pero este la desestim\u00f3 por el momento.<\/p>\n","protected":false},"excerpt":{"rendered":"<p>El hecho se produjo hace m\u00e1s de quince d\u00edas pero reci\u00e9n ayer se descubri\u00f3. Investigan si hubo complicidad interna en el hecho. Fue la segunda vez que se fugaba de un penal. El escape fue en las narices de autoridades penitenciarios. Sus secuaces simularon un traslado a otro penal -con oficios falsificados- y se lo&hellip;<\/p>\n","protected":false},"author":1,"featured_media":0,"comment_status":"open","ping_status":"open","sticky":false,"template":"","format":"standard","meta":{"footnotes":""},"categories":[19],"tags":[1599,11802,10343,891,11800,2329,11801,1174,1544,2788,11803],"class_list":["post-25002","post","type-post","status-publish","format-standard","hentry","category-intramuros","tag-bandas","tag-el-simulador","tag-florencia-piermarini","tag-fuga","tag-gustavo-maciel-villaverde","tag-homicidio","tag-poxi","tag-robos","tag-spb","tag-unidad-30","tag-unidad-41"],"_links":{"self":[{"href":"https:\/\/www.elsindical.com.ar\/notas\/wp-json\/wp\/v2\/posts\/25002","targetHints":{"allow":["GET"]}}],"collection":[{"href":"https:\/\/www.elsindical.com.ar\/notas\/wp-json\/wp\/v2\/posts"}],"about":[{"href":"https:\/\/www.elsindical.com.ar\/notas\/wp-json\/wp\/v2\/types\/post"}],"author":[{"embeddable":true,"href":"https:\/\/www.elsindical.com.ar\/notas\/wp-json\/wp\/v2\/users\/1"}],"replies":[{"embeddable":true,"href":"https:\/\/www.elsindical.com.ar\/notas\/wp-json\/wp\/v2\/comments?post=25002"}],"version-history":[{"count":2,"href":"https:\/\/www.elsindical.com.ar\/notas\/wp-json\/wp\/v2\/posts\/25002\/revisions"}],"predecessor-version":[{"id":25005,"href":"https:\/\/www.elsindical.com.ar\/notas\/wp-json\/wp\/v2\/posts\/25002\/revisions\/25005"}],"wp:attachment":[{"href":"https:\/\/www.elsindical.com.ar\/notas\/wp-json\/wp\/v2\/media?parent=25002"}],"wp:term":[{"taxonomy":"category","embeddable":true,"href":"https:\/\/www.elsindical.com.ar\/notas\/wp-json\/wp\/v2\/categories?post=25002"},{"taxonomy":"post_tag","embeddable":true,"href":"https:\/\/www.elsindical.com.ar\/notas\/wp-json\/wp\/v2\/tags?post=25002"}],"curies":[{"name":"wp","href":"https:\/\/api.w.org\/{rel}","templated":true}]}}