{"id":24892,"date":"2012-06-25T20:59:00","date_gmt":"2012-06-25T23:59:00","guid":{"rendered":"http:\/\/www.elsindical.com.ar\/notas\/?p=24892"},"modified":"2012-06-25T20:59:00","modified_gmt":"2012-06-25T23:59:00","slug":"monserratapunalaron-a-un-hombre-de-nacionalidad-colombiana-en-el-palier-de-un-edificio-porteno","status":"publish","type":"post","link":"https:\/\/www.elsindical.com.ar\/notas\/monserratapunalaron-a-un-hombre-de-nacionalidad-colombiana-en-el-palier-de-un-edificio-porteno\/","title":{"rendered":"Monserrat:Apu\u00f1alaron a un hombre de nacionalidad colombiana en el palier de un edificio porte\u00f1o"},"content":{"rendered":"<p style=\"text-align: justify;\"><em><a href=\"http:\/\/www.elsindical.com.ar\/notas\/var\/www\/html\/notas\/wp-content\/uploads\/2012\/06\/asesinato-en-Monserrat.jpg\"><img loading=\"lazy\" decoding=\"async\" class=\"alignleft size-medium wp-image-24893\" title=\"asesinato-en-Monserrat\" src=\"http:\/\/www.elsindical.com.ar\/notas\/var\/www\/html\/notas\/wp-content\/uploads\/2012\/06\/asesinato-en-Monserrat-300x169.jpg\" alt=\"\" width=\"300\" height=\"169\" srcset=\"https:\/\/www.elsindical.com.ar\/notas\/var\/www\/html\/notas\/wp-content\/uploads\/2012\/06\/asesinato-en-Monserrat-300x169.jpg 300w, https:\/\/www.elsindical.com.ar\/notas\/var\/www\/html\/notas\/wp-content\/uploads\/2012\/06\/asesinato-en-Monserrat.jpg 443w\" sizes=\"auto, (max-width: 300px) 100vw, 300px\" \/><\/a>El cuerpo fue hallado en el tercer piso, a metros de unos de los ascensores, de un edificio ubicado en Per\u00f3n al 1.500.<\/em><\/p>\n<p style=\"text-align: justify;\">Un hombre fue encontrado hoy asesinado de una pu\u00f1alada en el pecho en un edificio del barrio de San Nicol\u00e1s y se investigan, entre otras hip\u00f3tesis, si el crimen est\u00e1 vinculado al curanderismo o al narcotr\u00e1fico.<\/p>\n<p style=\"text-align: justify;\">Seg\u00fan informaron fuentes policiales, el hallazgo ocurri\u00f3 esta tarde, alrededor de las 17, en el palier del tercer piso de un inmueble situado en Per\u00f3n 1509, casi esquina Paran\u00e1, en el centro de esta Capital Federal y la v\u00edctima presentaba una herida de arma blanca en el pecho.<\/p>\n<p style=\"text-align: justify;\">La v\u00edctima fue encontrada frente al departamento \u00abB\u00bb y se tratar\u00eda de un tarotista colombiano de 37 que, seg\u00fan contaron los vecinos a la polic\u00eda, en ese lugar, la v\u00edctima realizaba sesiones de tarot y era com\u00fan ver a desconocidos entrar a esa vivienda durante la tarde acompa\u00f1ados por el due\u00f1o de casa.<\/p>\n<p style=\"text-align: justify;\">Una vecina del edificio dijo que ella esperaba el ascensor y como no ven\u00eda se asom\u00f3 al palier del tercer piso y vio a un hombre tirado boca abajo y manchas de sangre en la pared. \u00abMe puse a gritar y llam\u00e9 al encargado que avis\u00f3 a la polic\u00eda\u00bb, indic\u00f3 la mujer, que precis\u00f3 que la v\u00edctima vest\u00eda pantal\u00f3n largo y una campera.<\/p>\n<p style=\"text-align: justify;\">La vecina cont\u00f3 que en el departamento frente al que yac\u00eda el cad\u00e1ver funciona desde hace unos dos a\u00f1os una oficina que ofrece un servicio de \u00abcuraciones\u00bb y \u00abtarotismo\u00bb y que habitualmente est\u00e1 ocupada por personas de nacionalidad colombiana. La mujer agreg\u00f3 que, adem\u00e1s, estas personas tienen un programa radial sobre esoterismo.<\/p>\n<p style=\"text-align: justify;\">En tanto, y seg\u00fan consta en la gu\u00eda telef\u00f3nica, la l\u00ednea de la oficina donde se cree que la v\u00edctima se encontraba antes de ser hallada muerta, figura a nombre de H\u00e9ctor Juli\u00e1n Jim\u00e9nez Hurtado, misma identidad que la de un colombiano detenido en el operativo antidrogas \u00abLuis XV\u00bb. A partir de este dato, los investigadores procuran determinar si existe una vinculaci\u00f3n entre aquella operaci\u00f3n y el departamento donde se cree ocurri\u00f3 el homicidio.<\/p>\n<p style=\"text-align: justify;\">En la escena del crimen trabaj\u00f3 personal de la comisar\u00eda 3\u00aa de la Polic\u00eda Federal que procura determinar la identidad de la v\u00edctima y para ello cruza informaci\u00f3n con los detectives de Drogas Peligrosas de la fuerza, que investigan a la banda de \u00abLuis XV\u00bb. Mientras que el caso est\u00e1 bajo las directivas del fiscal de Instrucci\u00f3n porte\u00f1o Patricio Lugones.<\/p>\n<p style=\"text-align: justify;\">La denominada \u00abOperaci\u00f3n Luis XV\u00bb se realiz\u00f3 en abril \u00faltimo, cuando se desbarat\u00f3 una banda que pretend\u00eda traficar 280 kilos de coca\u00edna oculta en muebles antiguos que iban a ser enviados a Europa, Asia y los Estados Unidos.<\/p>\n<p style=\"text-align: justify;\">En aquellos procedimientos fueron detenidas personas de nacionalidad colombiana, espa\u00f1ola y argentina, y se cree que conformaban la misma banda que el a\u00f1o pasado intent\u00f3 transportar 444 kilos de coca\u00edna en el velero \u00abTraful\u00bb, que fue descubierto en Puerto Madero.<\/p>\n","protected":false},"excerpt":{"rendered":"<p>El cuerpo fue hallado en el tercer piso, a metros de unos de los ascensores, de un edificio ubicado en Per\u00f3n al 1.500. Un hombre fue encontrado hoy asesinado de una pu\u00f1alada en el pecho en un edificio del barrio de San Nicol\u00e1s y se investigan, entre otras hip\u00f3tesis, si el crimen est\u00e1 vinculado al&hellip;<\/p>\n","protected":false},"author":1,"featured_media":0,"comment_status":"open","ping_status":"open","sticky":false,"template":"","format":"standard","meta":{"footnotes":""},"categories":[22],"tags":[3300,39,6809,3014,204,11066,958],"class_list":["post-24892","post","type-post","status-publish","format-standard","hentry","category-policiales","tag-apunalado","tag-asesinado","tag-colombiano","tag-monserrat","tag-narcotrafico","tag-operacion-luis-xv","tag-policia-federal"],"_links":{"self":[{"href":"https:\/\/www.elsindical.com.ar\/notas\/wp-json\/wp\/v2\/posts\/24892","targetHints":{"allow":["GET"]}}],"collection":[{"href":"https:\/\/www.elsindical.com.ar\/notas\/wp-json\/wp\/v2\/posts"}],"about":[{"href":"https:\/\/www.elsindical.com.ar\/notas\/wp-json\/wp\/v2\/types\/post"}],"author":[{"embeddable":true,"href":"https:\/\/www.elsindical.com.ar\/notas\/wp-json\/wp\/v2\/users\/1"}],"replies":[{"embeddable":true,"href":"https:\/\/www.elsindical.com.ar\/notas\/wp-json\/wp\/v2\/comments?post=24892"}],"version-history":[{"count":2,"href":"https:\/\/www.elsindical.com.ar\/notas\/wp-json\/wp\/v2\/posts\/24892\/revisions"}],"predecessor-version":[{"id":24895,"href":"https:\/\/www.elsindical.com.ar\/notas\/wp-json\/wp\/v2\/posts\/24892\/revisions\/24895"}],"wp:attachment":[{"href":"https:\/\/www.elsindical.com.ar\/notas\/wp-json\/wp\/v2\/media?parent=24892"}],"wp:term":[{"taxonomy":"category","embeddable":true,"href":"https:\/\/www.elsindical.com.ar\/notas\/wp-json\/wp\/v2\/categories?post=24892"},{"taxonomy":"post_tag","embeddable":true,"href":"https:\/\/www.elsindical.com.ar\/notas\/wp-json\/wp\/v2\/tags?post=24892"}],"curies":[{"name":"wp","href":"https:\/\/api.w.org\/{rel}","templated":true}]}}