{"id":24841,"date":"2012-06-23T00:37:19","date_gmt":"2012-06-23T03:37:19","guid":{"rendered":"http:\/\/www.elsindical.com.ar\/notas\/?p=24841"},"modified":"2012-06-23T00:37:19","modified_gmt":"2012-06-23T03:37:19","slug":"efemeridesdel-dia-23-de-junio-3","status":"publish","type":"post","link":"https:\/\/www.elsindical.com.ar\/notas\/efemeridesdel-dia-23-de-junio-3\/","title":{"rendered":"EFEM\u00c9RIDES:DEL D\u00cdA 23 DE JUNIO"},"content":{"rendered":"<p style=\"text-align: justify;\"><a href=\"http:\/\/www.elsindical.com.ar\/notas\/var\/www\/html\/notas\/wp-content\/uploads\/2012\/06\/Zinedine-Zidane.jpg\"><img loading=\"lazy\" decoding=\"async\" class=\"alignleft size-medium wp-image-24842\" title=\"Zinedine-Zidane\" src=\"http:\/\/www.elsindical.com.ar\/notas\/var\/www\/html\/notas\/wp-content\/uploads\/2012\/06\/Zinedine-Zidane-300x225.jpg\" alt=\"\" width=\"300\" height=\"225\" srcset=\"https:\/\/www.elsindical.com.ar\/notas\/var\/www\/html\/notas\/wp-content\/uploads\/2012\/06\/Zinedine-Zidane-300x225.jpg 300w, https:\/\/www.elsindical.com.ar\/notas\/var\/www\/html\/notas\/wp-content\/uploads\/2012\/06\/Zinedine-Zidane.jpg 413w\" sizes=\"auto, (max-width: 300px) 100vw, 300px\" \/><\/a>En otro 23 de junio pero de 1894, delegados de trece pa\u00edses reunidos en Par\u00eds por iniciativa de Pierre de Coubertin deciden el restablecimiento de los Juegos Ol\u00edmpicos de la era moderna.<\/p>\n<p style=\"text-align: justify;\">1797- El cient\u00edfico alem\u00e1n Alexander von Humboldt mide el Chimborazo (6.265 metros), monte de Ecuador en la Cordillera de los Andes.<\/p>\n<p style=\"text-align: justify;\">1805- Nace Manuel Ascensio Segura y Cordero, escritor peruano.<\/p>\n<p style=\"text-align: justify;\">1843- Nace Paul R. von Groth, cristal\u00f3grafo alem\u00e1n, creador de la cristalograf\u00eda qu\u00edmica.<\/p>\n<p style=\"text-align: justify;\">1860- Nace Jos\u00e9 Mar\u00eda Vargas Vila, escritor colombiano.<\/p>\n<p style=\"text-align: justify;\">1910- Nace Jean Anouilh, escritor franc\u00e9s.<\/p>\n<p style=\"text-align: justify;\">1912- Se derrumba un puente en las Cataratas del Ni\u00e1gara y causa 47 muertos.<\/p>\n<p style=\"text-align: justify;\">1931- El piloto estadounidense Willy Post da la primera vuelta al mundo en avi\u00f3n en la que invierte ocho d\u00edas, 15 horas y 51 minutos.<\/p>\n<p style=\"text-align: justify;\">1943- Segunda Guerra Mundial: los sovi\u00e9ticos inician la ofensiva de verano.<\/p>\n<p style=\"text-align: justify;\">1943- Nace Vinton Gray Cerf, inform\u00e1tico estadounidense, uno de los creadores de Internet.<\/p>\n<p style=\"text-align: justify;\">1949- P\u00edo XII decreta la excomuni\u00f3n de los comunistas y sus simpatizantes.<\/p>\n<p style=\"text-align: justify;\">1952- Guerra de Corea: la aviaci\u00f3n estadounidense bombardea las centrales el\u00e9ctricas del Yalu.<\/p>\n<p style=\"text-align: justify;\">1968- Mueren en Buenos Aires 73 personas y m\u00e1s de 100 resultan heridas al desatarse el p\u00e1nico en un partido de f\u00fatbol.<\/p>\n<p style=\"text-align: justify;\">1969- Nace Noa, cantante israel\u00ed.<\/p>\n<p style=\"text-align: justify;\">1972- Nace Zinedine Zidane, futbolista franc\u00e9s.<\/p>\n<p style=\"text-align: justify;\">1976- Mar\u00eda Estela Mart\u00ednez de Per\u00f3n, junto con otros 35 peronistas, es privada de sus derechos pol\u00edticos en Argentina.<\/p>\n<p style=\"text-align: justify;\">1978- Renato Curcio, fundador de las Brigadas Rojas italianas, es condenado a quince a\u00f1os de c\u00e1rcel.<\/p>\n<p style=\"text-align: justify;\">1983- Se suicida en La Habana el expresidente cubano Osvaldo Dortic\u00f3s.<\/p>\n<p style=\"text-align: justify;\">1983- Huelga en Chile contra el r\u00e9gimen del general Pinochet.<\/p>\n<p style=\"text-align: justify;\">1985- Mueren los 329 ocupantes de un Boeing de Air India al caer al Atl\u00e1ntico, cerca de la costa de Irlanda, al explotar una bomba.<\/p>\n<p style=\"text-align: justify;\">1992- El Partido Laborista, encabezado por Isaac Rabin, gana las elecciones legislativas en Israel.<\/p>\n<p style=\"text-align: justify;\">1993- El matem\u00e1tico ingl\u00e9s Andrew Wiles demuestra el teorema de Fermat, una ecuaci\u00f3n que ha tardado m\u00e1s de 350 a\u00f1os en resolverse.<\/p>\n<p style=\"text-align: justify;\">1995- Muere Jonas Edward Salk, investigador estadounidense, descubridor de la vacuna contra la poliomielitis.<\/p>\n<p style=\"text-align: justify;\">2000- El consorcio aeron\u00e1utico Airbus anuncia la construcci\u00f3n del A3XX, el avi\u00f3n m\u00e1s grande del mundo.<\/p>\n<p style=\"text-align: justify;\">2001- Un sismo de 6,9 grados en la escala de Richter causa m\u00e1s de cien muertos y centenas de heridos en el sur de Per\u00fa.<\/p>\n<p style=\"text-align: justify;\">2001- Detenido en Venezuela Vladimiro Montesinos, antiguo asesor del ex presidente peruano Alberto Fujimori.<\/p>\n<p style=\"text-align: justify;\">2003- La OMS anuncia que Hong Kong ha controlado la epidemia del S\u00edndrome Respiratorio Agudo y Grave (SRAG), causante de 296 muertos en la ex colonia brit\u00e1nica.<\/p>\n<p style=\"text-align: justify;\">2004- El economista estadounidense Paul Krugman es galardonado con el premio Pr\u00edncipe de Asturias de Ciencias Sociales.<\/p>\n<p style=\"text-align: justify;\">2007- Muere Otto Ra\u00fal Gonz\u00e1lez, escritor y poeta guatemalteco.<\/p>\n","protected":false},"excerpt":{"rendered":"<p>En otro 23 de junio pero de 1894, delegados de trece pa\u00edses reunidos en Par\u00eds por iniciativa de Pierre de Coubertin deciden el restablecimiento de los Juegos Ol\u00edmpicos de la era moderna. 1797- El cient\u00edfico alem\u00e1n Alexander von Humboldt mide el Chimborazo (6.265 metros), monte de Ecuador en la Cordillera de los Andes. 1805- Nace&hellip;<\/p>\n","protected":false},"author":1,"featured_media":0,"comment_status":"open","ping_status":"open","sticky":false,"template":"","format":"standard","meta":{"footnotes":""},"categories":[14],"tags":[],"class_list":["post-24841","post","type-post","status-publish","format-standard","hentry","category-efemerides"],"_links":{"self":[{"href":"https:\/\/www.elsindical.com.ar\/notas\/wp-json\/wp\/v2\/posts\/24841","targetHints":{"allow":["GET"]}}],"collection":[{"href":"https:\/\/www.elsindical.com.ar\/notas\/wp-json\/wp\/v2\/posts"}],"about":[{"href":"https:\/\/www.elsindical.com.ar\/notas\/wp-json\/wp\/v2\/types\/post"}],"author":[{"embeddable":true,"href":"https:\/\/www.elsindical.com.ar\/notas\/wp-json\/wp\/v2\/users\/1"}],"replies":[{"embeddable":true,"href":"https:\/\/www.elsindical.com.ar\/notas\/wp-json\/wp\/v2\/comments?post=24841"}],"version-history":[{"count":2,"href":"https:\/\/www.elsindical.com.ar\/notas\/wp-json\/wp\/v2\/posts\/24841\/revisions"}],"predecessor-version":[{"id":24844,"href":"https:\/\/www.elsindical.com.ar\/notas\/wp-json\/wp\/v2\/posts\/24841\/revisions\/24844"}],"wp:attachment":[{"href":"https:\/\/www.elsindical.com.ar\/notas\/wp-json\/wp\/v2\/media?parent=24841"}],"wp:term":[{"taxonomy":"category","embeddable":true,"href":"https:\/\/www.elsindical.com.ar\/notas\/wp-json\/wp\/v2\/categories?post=24841"},{"taxonomy":"post_tag","embeddable":true,"href":"https:\/\/www.elsindical.com.ar\/notas\/wp-json\/wp\/v2\/tags?post=24841"}],"curies":[{"name":"wp","href":"https:\/\/api.w.org\/{rel}","templated":true}]}}