{"id":24722,"date":"2012-06-19T20:55:37","date_gmt":"2012-06-19T23:55:37","guid":{"rendered":"http:\/\/www.elsindical.com.ar\/notas\/?p=24722"},"modified":"2012-06-19T20:55:37","modified_gmt":"2012-06-19T23:55:37","slug":"jujuydiputada-oficialista-en-medio-de-un-escandalo-policial","status":"publish","type":"post","link":"https:\/\/www.elsindical.com.ar\/notas\/jujuydiputada-oficialista-en-medio-de-un-escandalo-policial\/","title":{"rendered":"Jujuy:Diputada oficialista en medio de un esc\u00e1ndalo policial"},"content":{"rendered":"<div style=\"text-align: justify;\">\n<p><em><strong><a href=\"http:\/\/www.elsindical.com.ar\/notas\/var\/www\/html\/notas\/wp-content\/uploads\/2012\/06\/Carolina-Mois\u00e9s.jpg\"><img loading=\"lazy\" decoding=\"async\" class=\"alignleft size-medium wp-image-24723\" title=\"Carolina-Mois\u00e9s\" src=\"http:\/\/www.elsindical.com.ar\/notas\/var\/www\/html\/notas\/wp-content\/uploads\/2012\/06\/Carolina-Mois\u00e9s-300x292.jpg\" alt=\"\" width=\"300\" height=\"292\" srcset=\"https:\/\/www.elsindical.com.ar\/notas\/var\/www\/html\/notas\/wp-content\/uploads\/2012\/06\/Carolina-Mois\u00e9s-300x292.jpg 300w, https:\/\/www.elsindical.com.ar\/notas\/var\/www\/html\/notas\/wp-content\/uploads\/2012\/06\/Carolina-Mois\u00e9s.jpg 413w\" sizes=\"auto, (max-width: 300px) 100vw, 300px\" \/><\/a>Carolina Mois\u00e9s<\/strong>, diputada del kirchnerismo por el Frente Primero Jujuy, habr\u00eda atropellado a dos personas en presunto estado de ebriedad. En di\u00e1logo con <strong>Radio 10<\/strong>, sostuvo que no le hicieron el control de alcoholemia y que la versi\u00f3n es <strong>\u00abuna novela\u00bb.<\/strong><\/em><\/p>\n<\/div>\n<div style=\"text-align: justify;\">\n<p>Seg\u00fan medios locales, Mois\u00e9s fue denunciada por atropellar a un motociclista, dejarlo en grave estado y escapar, arrollando en el intento el pie de un oficial de polic\u00eda.<\/p>\n<p>Al momento de huir, dan cuenta estas versiones, la legisladora habr\u00eda sido increpada por vecinos de la localidad La Mielera y del asentamiento N\u00e9stor Kirchner.<\/p>\n<p>Sin embargo, Mois\u00e9s descart\u00f3 estas informaciones, minimiz\u00f3 la gravedad de los hechos y neg\u00f3 que se haya negado a realizarse el control de alcoholemia.<\/p>\n<p>\u00abSe sobredimension\u00f3 todo, nunca estuvo en peligro la vida del motociclista, todo lo contrario, al d\u00eda de hoy lo \u00fanico que tiene es una mano quebrada\u00bb, sostuvo Mois\u00e9s en di\u00e1logo con <strong>Radio 10.<\/strong><\/p>\n<p>La legisladora afirm\u00f3 que \u00abno hay ninguna denuncia\u00bb y que no se fue del lugar. \u00abEstuve ah\u00ed incluso cuando lleg\u00f3 el fiscal, que hizo todo el operativo\u00bb, indic\u00f3.<\/p>\n<p>\u00abEl problema fue que el accidente se produjo en la entrada de la ciudad, donde hay un asentamiento precario, de gente que ocup\u00f3 terrenos privados. Cuando ellos ven a la polic\u00eda y la ambulancia generan una situaci\u00f3n violenta\u00bb, agreg\u00f3 la diputada.<\/p>\n<p>Sobre el control de alcoholemia, Mois\u00e9s asegur\u00f3 que nunca le fue requerido por las autoridades que se presentaron en el lugar. \u00abEstuve todo el tiempo ah\u00ed, a disposici\u00f3n todo el tiempo, pero no me lo pidieron\u00bb, se\u00f1al\u00f3.<\/p>\n<p>\u00abAc\u00e1 se invent\u00f3 una novela, hubo un par de medios que de un hecho real, el accidente, hicieron otra historia. Hablen con el fiscal y el juez y les pueden aclarar todo\u00bb, concluy\u00f3.<\/p>\n<\/div>\n","protected":false},"excerpt":{"rendered":"<p>Carolina Mois\u00e9s, diputada del kirchnerismo por el Frente Primero Jujuy, habr\u00eda atropellado a dos personas en presunto estado de ebriedad. En di\u00e1logo con Radio 10, sostuvo que no le hicieron el control de alcoholemia y que la versi\u00f3n es \u00abuna novela\u00bb. Seg\u00fan medios locales, Mois\u00e9s fue denunciada por atropellar a un motociclista, dejarlo en grave&hellip;<\/p>\n","protected":false},"author":1,"featured_media":0,"comment_status":"open","ping_status":"open","sticky":false,"template":"","format":"standard","meta":{"footnotes":""},"categories":[13],"tags":[990,11709,11708,177,2570,679,5359,11710],"class_list":["post-24722","post","type-post","status-publish","format-standard","hentry","category-politica","tag-accidente","tag-alcoholemia","tag-carolina-moises","tag-diputada","tag-jujuy","tag-kirchnerismo","tag-motociclista","tag-radio-10"],"_links":{"self":[{"href":"https:\/\/www.elsindical.com.ar\/notas\/wp-json\/wp\/v2\/posts\/24722","targetHints":{"allow":["GET"]}}],"collection":[{"href":"https:\/\/www.elsindical.com.ar\/notas\/wp-json\/wp\/v2\/posts"}],"about":[{"href":"https:\/\/www.elsindical.com.ar\/notas\/wp-json\/wp\/v2\/types\/post"}],"author":[{"embeddable":true,"href":"https:\/\/www.elsindical.com.ar\/notas\/wp-json\/wp\/v2\/users\/1"}],"replies":[{"embeddable":true,"href":"https:\/\/www.elsindical.com.ar\/notas\/wp-json\/wp\/v2\/comments?post=24722"}],"version-history":[{"count":2,"href":"https:\/\/www.elsindical.com.ar\/notas\/wp-json\/wp\/v2\/posts\/24722\/revisions"}],"predecessor-version":[{"id":24725,"href":"https:\/\/www.elsindical.com.ar\/notas\/wp-json\/wp\/v2\/posts\/24722\/revisions\/24725"}],"wp:attachment":[{"href":"https:\/\/www.elsindical.com.ar\/notas\/wp-json\/wp\/v2\/media?parent=24722"}],"wp:term":[{"taxonomy":"category","embeddable":true,"href":"https:\/\/www.elsindical.com.ar\/notas\/wp-json\/wp\/v2\/categories?post=24722"},{"taxonomy":"post_tag","embeddable":true,"href":"https:\/\/www.elsindical.com.ar\/notas\/wp-json\/wp\/v2\/tags?post=24722"}],"curies":[{"name":"wp","href":"https:\/\/api.w.org\/{rel}","templated":true}]}}