{"id":24716,"date":"2012-06-19T15:07:20","date_gmt":"2012-06-19T18:07:20","guid":{"rendered":"http:\/\/www.elsindical.com.ar\/notas\/?p=24716"},"modified":"2012-06-19T15:08:05","modified_gmt":"2012-06-19T18:08:05","slug":"procesaron-al-asesor-de-mauricio-macri-duran-barba","status":"publish","type":"post","link":"https:\/\/www.elsindical.com.ar\/notas\/procesaron-al-asesor-de-mauricio-macri-duran-barba\/","title":{"rendered":"Procesaron al asesor de Mauricio Macri Dur\u00e1n Barba"},"content":{"rendered":"<p style=\"text-align: justify;\"><em><a href=\"http:\/\/www.elsindical.com.ar\/notas\/var\/www\/html\/notas\/wp-content\/uploads\/2012\/06\/publicidad-PRO-Jaime-Dur\u00e1n-Barba.jpg\"><img loading=\"lazy\" decoding=\"async\" class=\"alignleft size-medium wp-image-24717\" title=\"publicidad-PRO-Jaime-Dur\u00e1n-Barba\" src=\"http:\/\/www.elsindical.com.ar\/notas\/var\/www\/html\/notas\/wp-content\/uploads\/2012\/06\/publicidad-PRO-Jaime-Dur\u00e1n-Barba-300x203.jpg\" alt=\"\" width=\"300\" height=\"203\" srcset=\"https:\/\/www.elsindical.com.ar\/notas\/var\/www\/html\/notas\/wp-content\/uploads\/2012\/06\/publicidad-PRO-Jaime-Dur\u00e1n-Barba-300x203.jpg 300w, https:\/\/www.elsindical.com.ar\/notas\/var\/www\/html\/notas\/wp-content\/uploads\/2012\/06\/publicidad-PRO-Jaime-Dur\u00e1n-Barba.jpg 413w\" sizes=\"auto, (max-width: 300px) 100vw, 300px\" \/><\/a>La decisi\u00f3n fue tomada por la Jueza <strong>Mar\u00eda Romilda<\/strong> <strong>Servini de Cubr\u00eda<\/strong>. El asesor del PRO est\u00e1 acusado de injuriar al senador nacional durante la campa\u00f1a para la elecci\u00f3n a jefe de Gobierno porte\u00f1o que tuvo lugar el a\u00f1o pasado.<\/em><\/p>\n<div style=\"text-align: justify;\">\n<p>La Jueza federal <strong>Mar\u00eda Servini de Cubr\u00eda<\/strong> proces\u00f3 hoy al consultor ecuatoriano de Mauricio Macri, <strong>Jaime Dur\u00e1n Barba<\/strong>, por la campa\u00f1a sucia contra el senador kirchnerista Daniel Filmus para las elecciones a Jefe de Gobierno del a\u00f1o pasado.<\/p>\n<p>Fuentes judiciales informaron que la magistrada lo proces\u00f3 por la figura del art\u00edculo 140 del C\u00f3digo Electoral que se refiere a la <strong>\u00abinducci\u00f3n con enga\u00f1os\u00bb<\/strong> y dice que <strong>\u00abse impondr\u00e1 prisi\u00f3n de dos meses a dos a\u00f1os al que con enga\u00f1os indujere a otro a sufragar en determinada forma o a abstenerse de hacerlo\u00bb.<\/strong><\/p>\n<p>Dur\u00e1n Barba y sus socios <strong>Jos\u00e9 Garat y Rodrigo Lugones<\/strong> est\u00e1n acusados y procesados de haber realizado una campa\u00f1a telef\u00f3nica en la que vinculaban a <strong>Salom\u00f3n Filmus<\/strong>, padre del candidato que compet\u00eda con Macri, con el ex apoderado de Madres de Plaza de Mayo <strong>Sergio Schoklender<\/strong>, en pleno esc\u00e1ndalo por el presunto desv\u00edo de fondos p\u00fablicos de esa entidad.<\/p>\n<p>\u00abAhora que usted sabe esto, \u00bflo votar\u00eda?\u00bb, conclu\u00eda el llamado.<\/p>\n<p>La Jueza bas\u00f3 la resoluci\u00f3n en diferentes pruebas, como las obtenidas tras una serie de allanamientos realizados el a\u00f1o pasado en las consultoras Tag Continental, Conectic SRL y NSS, vinculadas a Lugones y Garat, en las que se concluy\u00f3 que desde unas 30 computadoras secuestradas all\u00ed se realizados los llamados contra Filmus a trav\u00e9s de servidores ubicados en los Estados Unidos.<\/p>\n<p>En el mismo edificio donde estaban las empresas tambi\u00e9n se encuentra la consultora \u00abOpini\u00f3n Confidental\u00bb, propiedad de \u00abDur\u00e1n Barba y Asociados\u00bb, y en donde Garat y Lugones son socios.<\/p>\n<p>Dur\u00e1n Barba y sus socios est\u00e1n acusados de violar el art\u00edculo 140 del C\u00f3digo Electoral que pena con dos meses a dos a\u00f1os de prisi\u00f3n a \u00abcon enga\u00f1os indujere a otro a sufragar en determinada forma o a abstenerse de hacerlo\u00bb.<\/p>\n<p>La causa tuvo much\u00edsimas demoras ya que hubo postergaciones de las indagatorias, que estaban previstas para diciembre y febrero pasado pero en ambas oportunidades se suspendi\u00f3 la audiencia por pedido de los acusados a ra\u00edz de viajes al exterior.<\/p>\n<p>Tambi\u00e9n hubo una cuesti\u00f3n de competencia suscitada entre la Jueza Servini, quien la instruye desde el inicio del caso, y el Juez porte\u00f1o Bentolila.<\/p>\n<p>As\u00ed, la magistrada envi\u00f3 la disputa con su colega a la Corte Suprema, que resuelve los conflictos de competencia entre distintas jurisdicciones para que decida qu\u00e9 juez se queda con la causa, pero sigui\u00f3 adelante con la investigaci\u00f3n.<\/p>\n<\/div>\n","protected":false},"excerpt":{"rendered":"<p>La decisi\u00f3n fue tomada por la Jueza Mar\u00eda Romilda Servini de Cubr\u00eda. El asesor del PRO est\u00e1 acusado de injuriar al senador nacional durante la campa\u00f1a para la elecci\u00f3n a jefe de Gobierno porte\u00f1o que tuvo lugar el a\u00f1o pasado. La Jueza federal Mar\u00eda Servini de Cubr\u00eda proces\u00f3 hoy al consultor ecuatoriano de Mauricio Macri,&hellip;<\/p>\n","protected":false},"author":1,"featured_media":0,"comment_status":"open","ping_status":"open","sticky":false,"template":"","format":"standard","meta":{"footnotes":""},"categories":[20],"tags":[7332,11706,495,8061,76,328,11707],"class_list":["post-24716","post","type-post","status-publish","format-standard","hentry","category-judiciales","tag-daniel-filmus","tag-jaime-duran-barba","tag-jefe-de-gobierno","tag-jueza-federal-maria-romilda-servini-de-cubria","tag-mauricio-macri","tag-pro","tag-senador-nacional"],"_links":{"self":[{"href":"https:\/\/www.elsindical.com.ar\/notas\/wp-json\/wp\/v2\/posts\/24716","targetHints":{"allow":["GET"]}}],"collection":[{"href":"https:\/\/www.elsindical.com.ar\/notas\/wp-json\/wp\/v2\/posts"}],"about":[{"href":"https:\/\/www.elsindical.com.ar\/notas\/wp-json\/wp\/v2\/types\/post"}],"author":[{"embeddable":true,"href":"https:\/\/www.elsindical.com.ar\/notas\/wp-json\/wp\/v2\/users\/1"}],"replies":[{"embeddable":true,"href":"https:\/\/www.elsindical.com.ar\/notas\/wp-json\/wp\/v2\/comments?post=24716"}],"version-history":[{"count":4,"href":"https:\/\/www.elsindical.com.ar\/notas\/wp-json\/wp\/v2\/posts\/24716\/revisions"}],"predecessor-version":[{"id":24721,"href":"https:\/\/www.elsindical.com.ar\/notas\/wp-json\/wp\/v2\/posts\/24716\/revisions\/24721"}],"wp:attachment":[{"href":"https:\/\/www.elsindical.com.ar\/notas\/wp-json\/wp\/v2\/media?parent=24716"}],"wp:term":[{"taxonomy":"category","embeddable":true,"href":"https:\/\/www.elsindical.com.ar\/notas\/wp-json\/wp\/v2\/categories?post=24716"},{"taxonomy":"post_tag","embeddable":true,"href":"https:\/\/www.elsindical.com.ar\/notas\/wp-json\/wp\/v2\/tags?post=24716"}],"curies":[{"name":"wp","href":"https:\/\/api.w.org\/{rel}","templated":true}]}}