{"id":24640,"date":"2012-06-16T21:41:29","date_gmt":"2012-06-17T00:41:29","guid":{"rendered":"http:\/\/www.elsindical.com.ar\/notas\/?p=24640"},"modified":"2012-06-16T21:41:29","modified_gmt":"2012-06-17T00:41:29","slug":"la-plataes-critico-el-estado-de-la-joven-de-21-anos-quemada","status":"publish","type":"post","link":"https:\/\/www.elsindical.com.ar\/notas\/la-plataes-critico-el-estado-de-la-joven-de-21-anos-quemada\/","title":{"rendered":"La Plata:Es cr\u00edtico el estado de la joven de 21 a\u00f1os quemada"},"content":{"rendered":"<p style=\"text-align: justify;\"><em><a href=\"http:\/\/www.elsindical.com.ar\/notas\/var\/www\/html\/notas\/wp-content\/uploads\/2012\/06\/Paula-Gonz\u00e1lez-joven-quemada.jpg\"><img loading=\"lazy\" decoding=\"async\" class=\"alignleft size-medium wp-image-24641\" title=\"Paula-Gonz\u00e1lez-joven-quemada\" src=\"http:\/\/www.elsindical.com.ar\/notas\/var\/www\/html\/notas\/wp-content\/uploads\/2012\/06\/Paula-Gonz\u00e1lez-joven-quemada-300x206.jpg\" alt=\"\" width=\"300\" height=\"206\" srcset=\"https:\/\/www.elsindical.com.ar\/notas\/var\/www\/html\/notas\/wp-content\/uploads\/2012\/06\/Paula-Gonz\u00e1lez-joven-quemada-300x206.jpg 300w, https:\/\/www.elsindical.com.ar\/notas\/var\/www\/html\/notas\/wp-content\/uploads\/2012\/06\/Paula-Gonz\u00e1lez-joven-quemada.jpg 413w\" sizes=\"auto, (max-width: 300px) 100vw, 300px\" \/><\/a>Paula Gonz\u00e1lez \u201ccontin\u00faa en estado cr\u00edtico y en terapia intensiva\u201d a consecuencia de las quemaduras en el 70 por ciento de su cuerpo que sufri\u00f3 ayer, y por las cuales permanece internada en el Hospital San Mart\u00edn de La Plata. \u201cDesde su llegada al centro de salud no registra cambios favorable y hay que seguir esperando\u201d, agreg\u00f3 un nuevo parte m\u00e9dico. La mujer perdi\u00f3 su embarazo de siete meses, y la Justicia busca determinar si se trat\u00f3 de un caso de violencia de g\u00e9nero.<\/em><\/p>\n<p style=\"text-align: justify;\">La joven que estaba embarazada de siete meses y que sufri\u00f3 quemaduras en m\u00e1s del 70 por ciento de su cuerpo tras prenderse fuego con alcohol durante una discusi\u00f3n con su pareja \u00abcontin\u00faa en estado cr\u00edtico y en terapia intensiva\u00bb, seg\u00fan nuevo parte m\u00e9dico.<\/p>\n<p style=\"text-align: justify;\">Paula Sof\u00eda Gonz\u00e1lez -21 a\u00f1os-, \u00abdesde su llegada al centro de salud no registra cambios favorable y hay que seguir esperando\u00bb, detallaron los m\u00e9dicos que la atienden en el Hospital San Mart\u00edn de La Plata.<\/p>\n<p style=\"text-align: justify;\">En tanto, la Justicia contin\u00faa con la investigaci\u00f3n a fin de determinar si fue v\u00edctima de un accidente, de un ataque o si ella misma se lesion\u00f3.<\/p>\n<p style=\"text-align: justify;\">Seg\u00fan testimonios, alcanz\u00f3 a decirle a la m\u00e9dica de la ambulancia que la atendi\u00f3 que se hab\u00eda autolesionado.<\/p>\n<p style=\"text-align: justify;\">\u201cMe quem\u00e9, me quem\u00e9\u00bb, le repet\u00eda a la emergent\u00f3loga, seg\u00fan consta en la causa, versi\u00f3n que fue corroborada por su esposo de la mujer.<\/p>\n<p style=\"text-align: justify;\">Seg\u00fan \u00e9l y sus pap\u00e1s \u2013que viven en una casa delante de la suya y que habr\u00edan escuchado los gritos-, ella le dijo: \u201cMir\u00e1 lo que me hago\u00bb.<\/p>\n<p style=\"text-align: justify;\">Los tres detallaron en sus declaraciones en el expediente que la joven result\u00f3 quemada al arrojar alcohol al suelo, recostarse encima y prenderse fuego.<\/p>\n<p style=\"text-align: justify;\">No obstante, una hermana de la v\u00edctima, identificada como Patricia, dijo a la prensa que no cree en esa hip\u00f3tesis, que Paula hab\u00eda denunciado a su pareja hace tiempo atr\u00e1s \u00abpor golpes\u00bb.<\/p>\n<p style=\"text-align: justify;\">De acuerdo al parte m\u00e9dico, Gonz\u00e1lez ingres\u00f3 al hospital el jueves a la tarde con intubaci\u00f3n traqueal y asistencia respiratoria, y \u00abactualmente su estado es cr\u00edtico\u00bb.<\/p>\n","protected":false},"excerpt":{"rendered":"<p>Paula Gonz\u00e1lez \u201ccontin\u00faa en estado cr\u00edtico y en terapia intensiva\u201d a consecuencia de las quemaduras en el 70 por ciento de su cuerpo que sufri\u00f3 ayer, y por las cuales permanece internada en el Hospital San Mart\u00edn de La Plata. \u201cDesde su llegada al centro de salud no registra cambios favorable y hay que seguir&hellip;<\/p>\n","protected":false},"author":1,"featured_media":0,"comment_status":"open","ping_status":"open","sticky":false,"template":"","format":"standard","meta":{"footnotes":""},"categories":[25],"tags":[4899,57,239,11672,1818,572],"class_list":["post-24640","post","type-post","status-publish","format-standard","hentry","category-sociedad","tag-aborto","tag-embarazo","tag-la-plata","tag-paula-gonzalez","tag-quemada","tag-violencia-de-genero"],"_links":{"self":[{"href":"https:\/\/www.elsindical.com.ar\/notas\/wp-json\/wp\/v2\/posts\/24640","targetHints":{"allow":["GET"]}}],"collection":[{"href":"https:\/\/www.elsindical.com.ar\/notas\/wp-json\/wp\/v2\/posts"}],"about":[{"href":"https:\/\/www.elsindical.com.ar\/notas\/wp-json\/wp\/v2\/types\/post"}],"author":[{"embeddable":true,"href":"https:\/\/www.elsindical.com.ar\/notas\/wp-json\/wp\/v2\/users\/1"}],"replies":[{"embeddable":true,"href":"https:\/\/www.elsindical.com.ar\/notas\/wp-json\/wp\/v2\/comments?post=24640"}],"version-history":[{"count":2,"href":"https:\/\/www.elsindical.com.ar\/notas\/wp-json\/wp\/v2\/posts\/24640\/revisions"}],"predecessor-version":[{"id":24644,"href":"https:\/\/www.elsindical.com.ar\/notas\/wp-json\/wp\/v2\/posts\/24640\/revisions\/24644"}],"wp:attachment":[{"href":"https:\/\/www.elsindical.com.ar\/notas\/wp-json\/wp\/v2\/media?parent=24640"}],"wp:term":[{"taxonomy":"category","embeddable":true,"href":"https:\/\/www.elsindical.com.ar\/notas\/wp-json\/wp\/v2\/categories?post=24640"},{"taxonomy":"post_tag","embeddable":true,"href":"https:\/\/www.elsindical.com.ar\/notas\/wp-json\/wp\/v2\/tags?post=24640"}],"curies":[{"name":"wp","href":"https:\/\/api.w.org\/{rel}","templated":true}]}}