{"id":2463,"date":"2009-12-21T14:34:16","date_gmt":"2009-12-21T17:34:16","guid":{"rendered":"http:\/\/www.elsindical.com.ar\/notas\/?p=2463"},"modified":"2009-12-21T14:34:16","modified_gmt":"2009-12-21T17:34:16","slug":"por-el-crimen-de-la-mujer-hallada-calcinada-fue-detenido-un-empresario","status":"publish","type":"post","link":"https:\/\/www.elsindical.com.ar\/notas\/por-el-crimen-de-la-mujer-hallada-calcinada-fue-detenido-un-empresario\/","title":{"rendered":"Por el crimen de la mujer hallada calcinada fue detenido un empresario"},"content":{"rendered":"<p id=\"txt_101333_3\" style=\"text-align: justify;\"><em><a href=\"http:\/\/www.elsindical.com.ar\/notas\/var\/www\/html\/notas\/wp-content\/uploads\/2009\/12\/auto-incendiado-caso-Mariel.jpg\"><img loading=\"lazy\" decoding=\"async\" class=\"alignleft size-full wp-image-2464\" title=\"auto-incendiado-caso-Mariel\" src=\"http:\/\/www.elsindical.com.ar\/notas\/var\/www\/html\/notas\/wp-content\/uploads\/2009\/12\/auto-incendiado-caso-Mariel.jpg\" alt=\"\" width=\"198\" height=\"145\" \/><\/a>Su pareja un empresario de 43 a\u00f1os,se encuentra demorada y, seg\u00fan varios testimonios, era un hombre muy celoso que contaba con antecedentes no denunciados ante la Justicia. El cuerpo de Mariela Salun apareci\u00f3 prendido fuego dentro de un auto, en Jos\u00e9 Ingenieros.<\/em><\/p>\n<p style=\"text-align: justify;\">La Polic\u00eda investiga la posibilidad de que la mujer que fue hallada calcinada en la localidad bonaerense de El Talar haya sido v\u00edctima de un crimen con un m\u00f3vil pasional.<\/p>\n<p>Seg\u00fan revelaron fuentes policiales, los investigadores se enfocan en el concubino de la v\u00edctima un empresario de 43 a\u00f1os llamado Gustavo Costas, identificada como <strong>Mariela Fernanda Salun<\/strong>, de 32 a\u00f1os.<\/p>\n<p>El hombre fue demorado, pero por el momento no se hab\u00edan hallado pruebas para imputarlo en el macabro crimen descubierto en la v\u00edspera.<\/p>\n<p>Diversos testimonios recolectados, revelaron fuentes ligadas a la investigaci\u00f3n, era un hombre muy celoso, que ten\u00eda antecedentes no denunciados a la Justicia de violencia con Salun.<\/p>\n<p>El cuerpo de la mujer fue encontrado calcinado ayer por la ma\u00f1ana en el interior de un Toyota Corolla incendiado, en un descampado situado en Jos\u00e9 Ingenieros, entre la colectora de la Panamericana y la calle Marcos Sastre, en las inmediaciones de la ruta 197.<\/p>\n<p>Seg\u00fan pudo establecerse, la mujer intent\u00f3 escapar de las llamas arrastr\u00e1ndose entre los asiento delanteros y traseros con el fin de escapar a un horrible muerte.<\/p>\n<p>Enseguida, las investigaciones se concentraron en la pareja de la mujer, un hombre de 43 a\u00f1os con el que hab\u00eda formado pareja unos diez a\u00f1os atr\u00e1s.<\/p>\n<p>Se supo que en su casa se secuestraron prendas de vestir con manchas de sangre y barro, y adem\u00e1s habr\u00eda incurrido en contradicciones al ser interrogado.<\/p>\n<p>En el caso intervino la fiscal de Tigre Laura Capra, dependiente del Departamento Judicial de San Isidro.<\/p>\n","protected":false},"excerpt":{"rendered":"<p>Su pareja un empresario de 43 a\u00f1os,se encuentra demorada y, seg\u00fan varios testimonios, era un hombre muy celoso que contaba con antecedentes no denunciados ante la Justicia. El cuerpo de Mariela Salun apareci\u00f3 prendido fuego dentro de un auto, en Jos\u00e9 Ingenieros. La Polic\u00eda investiga la posibilidad de que la mujer que fue hallada calcinada&hellip;<\/p>\n","protected":false},"author":1,"featured_media":0,"comment_status":"open","ping_status":"open","sticky":false,"template":"","format":"standard","meta":{"footnotes":""},"categories":[22],"tags":[363,1304,1303,1302,1305,30],"class_list":["post-2463","post","type-post","status-publish","format-standard","hentry","category-policiales","tag-asesinato","tag-drama","tag-jose-ingenieros","tag-mariela-fernanda-salun","tag-pasional","tag-policia"],"_links":{"self":[{"href":"https:\/\/www.elsindical.com.ar\/notas\/wp-json\/wp\/v2\/posts\/2463","targetHints":{"allow":["GET"]}}],"collection":[{"href":"https:\/\/www.elsindical.com.ar\/notas\/wp-json\/wp\/v2\/posts"}],"about":[{"href":"https:\/\/www.elsindical.com.ar\/notas\/wp-json\/wp\/v2\/types\/post"}],"author":[{"embeddable":true,"href":"https:\/\/www.elsindical.com.ar\/notas\/wp-json\/wp\/v2\/users\/1"}],"replies":[{"embeddable":true,"href":"https:\/\/www.elsindical.com.ar\/notas\/wp-json\/wp\/v2\/comments?post=2463"}],"version-history":[{"count":1,"href":"https:\/\/www.elsindical.com.ar\/notas\/wp-json\/wp\/v2\/posts\/2463\/revisions"}],"predecessor-version":[{"id":2465,"href":"https:\/\/www.elsindical.com.ar\/notas\/wp-json\/wp\/v2\/posts\/2463\/revisions\/2465"}],"wp:attachment":[{"href":"https:\/\/www.elsindical.com.ar\/notas\/wp-json\/wp\/v2\/media?parent=2463"}],"wp:term":[{"taxonomy":"category","embeddable":true,"href":"https:\/\/www.elsindical.com.ar\/notas\/wp-json\/wp\/v2\/categories?post=2463"},{"taxonomy":"post_tag","embeddable":true,"href":"https:\/\/www.elsindical.com.ar\/notas\/wp-json\/wp\/v2\/tags?post=2463"}],"curies":[{"name":"wp","href":"https:\/\/api.w.org\/{rel}","templated":true}]}}