{"id":2460,"date":"2009-12-21T14:25:01","date_gmt":"2009-12-21T17:25:01","guid":{"rendered":"http:\/\/www.elsindical.com.ar\/notas\/?p=2460"},"modified":"2009-12-21T14:25:01","modified_gmt":"2009-12-21T17:25:01","slug":"el-75-de-los-que-salieron-a-buscar-empleo-fracaso","status":"publish","type":"post","link":"https:\/\/www.elsindical.com.ar\/notas\/el-75-de-los-que-salieron-a-buscar-empleo-fracaso\/","title":{"rendered":"El 75% de los que salieron a buscar empleo fracas\u00f3"},"content":{"rendered":"<p style=\"text-align: justify;\"><em><a href=\"http:\/\/www.elsindical.com.ar\/notas\/var\/www\/html\/notas\/wp-content\/uploads\/2009\/12\/avisos-diario.jpg\"><img loading=\"lazy\" decoding=\"async\" class=\"alignleft size-full wp-image-2461\" title=\"avisos-diario\" src=\"http:\/\/www.elsindical.com.ar\/notas\/var\/www\/html\/notas\/wp-content\/uploads\/2009\/12\/avisos-diario.jpg\" alt=\"\" width=\"227\" height=\"141\" \/><\/a>Pas\u00f3 en la poblaci\u00f3n activa entre el tercer trimestre de 2007 y el tercero de 2009. Y afect\u00f3 sobre todo a los m\u00e1s j\u00f3venes. El desempleo, con la inseguridad, son las preocupaciones m\u00e1s fuertes de la gente. Y hasta el propio INDEC admite que volvi\u00f3 a crecer<\/em>.<\/p>\n<p style=\"text-align: justify;\">Por el impacto de la crisis econ\u00f3mica, el 75% de las personas (tres de cada cuatro) que en los \u00faltimos dos a\u00f1os salieron a buscar trabajo no consiguieron empleo y pasaron a engrosar la legi\u00f3n de los desocupados.<\/p>\n<p>Esta situaci\u00f3n surge de las cifras oficiales sobre desempleo, a pesar de que est\u00e1n sospechadas de subestimar los datos reales sobre el mercado de trabajo.<\/p>\n<p>Esos n\u00famero marcan que, entre el tercer trimestre de 2007 e igual per\u00edodo de este a\u00f1o, hubo 328.000 personas -en especial adolescentes y j\u00f3venes- que se incorporaron a la b\u00fasqueda activa de trabajo. Sin embargo, los resultados no fueron los esperados: apenas se crearon 87.000 nuevos puestos de trabajo y esto llev\u00f3 a que las restantes 241.000 personas quedaran desocupadas.<\/p>\n<p>De esta manera, en dos a\u00f1os, el n\u00famero de desocupados pas\u00f3 de 1.207.000 a 1.448.000 personas, seg\u00fan las cifras del Ministerio de Econom\u00eda, en base a la informaci\u00f3n del INDEC que admite la suba; aunque est\u00e1 cuestionada por la mayor\u00eda de los especialistas quienes estiman que el desempleo es a\u00fan mayor, con casi 2 millones de afectados.<\/p>\n<p>En proporci\u00f3n, el mayor peso del desempleo lo soportan los j\u00f3venes y las mujeres. As\u00ed, mientras el desempleo oficial promedio es del 9,1% para el tercer trimestre de este a\u00f1o, entre las mujeres de menos de 29 a\u00f1os ese porcentaje se eleva hasta el 18,6%. En cambio, entre los varones de esas mismas edades llega al 14,8%.<\/p>\n<p>\u00bfPor qu\u00e9 est\u00e1 pasando esto? Los expertos explican que es porque se crearon muy pocos puestos de trabajo, con apenas un incremento del 0,6% en dos a\u00f1os: de ah\u00ed que la poblaci\u00f3n ocupada pas\u00f3 de 14.894.000 a 14.981.000.<\/p>\n<p>Los especialistas tambi\u00e9n destacan que este deterioro del cuadro laboral podr\u00eda haber sido m\u00e1s grave, pero eso no ocurri\u00f3 porque se dio en circunstancias en que, por el menor crecimiento de la poblaci\u00f3n, a\u00f1o tras a\u00f1o, menos gente se incorpora a la b\u00fasqueda laboral.<\/p>\n<p>A\u00fan en este contexto de menor crecimiento de la oferta laboral, el desempleo peg\u00f3 un salto importante. De los casi 15 millones de ocupados, 11,5 millones son asalariados y el resto patrones, profesionales o trabajadores por cuenta propia.<\/p>\n<p>Y del total de los asalariados, hay 7,4 millones que se desempe\u00f1a en blanco mientras que 4,1 millones no est\u00e1n registrados (que son los que trabajan \u00aben negro\u00bb y por quienes no se hacen los aportes ni reciben los beneficios de las seguridad social).<\/p>\n<p>El mayor n\u00famero de empleados no registrados est\u00e1 en tres sectores: el servicio dom\u00e9stico, la construcci\u00f3n y el comercio.<\/p>\n<p>Otra consecuencia de la crisis econ\u00f3mica fue que disminuy\u00f3 el n\u00famero de empleos estables y a tiempo completo. Esto se tradujo en un crecimiento de los trabajos de pocas horas, tambi\u00e9n llamados changas. En dos a\u00f1os, la subocupaci\u00f3n subi\u00f3 del 7,4 al 10,6% y por las suspensiones y corte de horas extras hubo una ca\u00edda en el promedio de horas semanales trabajadas. Y la insatisfacci\u00f3n laboral -por ejemplo, por ganar poco, trabajar pocas horas- llev\u00f3 a que m\u00e1s gente ocupada saliera a buscar otro empleo, con resultados adversos en la mayor\u00eda de los casos.<\/p>\n<p style=\"text-align: justify;\">Fuente: Clar\u00edn<\/p>\n","protected":false},"excerpt":{"rendered":"<p>Pas\u00f3 en la poblaci\u00f3n activa entre el tercer trimestre de 2007 y el tercero de 2009. Y afect\u00f3 sobre todo a los m\u00e1s j\u00f3venes. El desempleo, con la inseguridad, son las preocupaciones m\u00e1s fuertes de la gente. Y hasta el propio INDEC admite que volvi\u00f3 a crecer. Por el impacto de la crisis econ\u00f3mica, el&hellip;<\/p>\n","protected":false},"author":1,"featured_media":0,"comment_status":"open","ping_status":"open","sticky":false,"template":"","format":"standard","meta":{"footnotes":""},"categories":[9],"tags":[1300,1301],"class_list":["post-2460","post","type-post","status-publish","format-standard","hentry","category-economia","tag-empleo","tag-fracaso"],"_links":{"self":[{"href":"https:\/\/www.elsindical.com.ar\/notas\/wp-json\/wp\/v2\/posts\/2460","targetHints":{"allow":["GET"]}}],"collection":[{"href":"https:\/\/www.elsindical.com.ar\/notas\/wp-json\/wp\/v2\/posts"}],"about":[{"href":"https:\/\/www.elsindical.com.ar\/notas\/wp-json\/wp\/v2\/types\/post"}],"author":[{"embeddable":true,"href":"https:\/\/www.elsindical.com.ar\/notas\/wp-json\/wp\/v2\/users\/1"}],"replies":[{"embeddable":true,"href":"https:\/\/www.elsindical.com.ar\/notas\/wp-json\/wp\/v2\/comments?post=2460"}],"version-history":[{"count":1,"href":"https:\/\/www.elsindical.com.ar\/notas\/wp-json\/wp\/v2\/posts\/2460\/revisions"}],"predecessor-version":[{"id":2462,"href":"https:\/\/www.elsindical.com.ar\/notas\/wp-json\/wp\/v2\/posts\/2460\/revisions\/2462"}],"wp:attachment":[{"href":"https:\/\/www.elsindical.com.ar\/notas\/wp-json\/wp\/v2\/media?parent=2460"}],"wp:term":[{"taxonomy":"category","embeddable":true,"href":"https:\/\/www.elsindical.com.ar\/notas\/wp-json\/wp\/v2\/categories?post=2460"},{"taxonomy":"post_tag","embeddable":true,"href":"https:\/\/www.elsindical.com.ar\/notas\/wp-json\/wp\/v2\/tags?post=2460"}],"curies":[{"name":"wp","href":"https:\/\/api.w.org\/{rel}","templated":true}]}}