{"id":24541,"date":"2012-06-12T16:09:17","date_gmt":"2012-06-12T19:09:17","guid":{"rendered":"http:\/\/www.elsindical.com.ar\/notas\/?p=24541"},"modified":"2012-06-12T16:09:17","modified_gmt":"2012-06-12T19:09:17","slug":"escobarsecuestran-mas-de-740-kilogramos-de-cocaina","status":"publish","type":"post","link":"https:\/\/www.elsindical.com.ar\/notas\/escobarsecuestran-mas-de-740-kilogramos-de-cocaina\/","title":{"rendered":"Escobar:Secuestran m\u00e1s de 740 kilogramos de coca\u00edna"},"content":{"rendered":"<p style=\"text-align: justify;\"><a href=\"http:\/\/www.elsindical.com.ar\/notas\/var\/www\/html\/notas\/wp-content\/uploads\/2012\/06\/Scioli-y-Casal-secuestro-de-coca\u00edna.jpg\"><img loading=\"lazy\" decoding=\"async\" class=\"alignleft size-medium wp-image-24542\" title=\"Scioli-y-Casal-secuestro-de-coca\u00edna\" src=\"http:\/\/www.elsindical.com.ar\/notas\/var\/www\/html\/notas\/wp-content\/uploads\/2012\/06\/Scioli-y-Casal-secuestro-de-coca\u00edna-300x193.jpg\" alt=\"\" width=\"300\" height=\"193\" srcset=\"https:\/\/www.elsindical.com.ar\/notas\/var\/www\/html\/notas\/wp-content\/uploads\/2012\/06\/Scioli-y-Casal-secuestro-de-coca\u00edna-300x193.jpg 300w, https:\/\/www.elsindical.com.ar\/notas\/var\/www\/html\/notas\/wp-content\/uploads\/2012\/06\/Scioli-y-Casal-secuestro-de-coca\u00edna.jpg 443w\" sizes=\"auto, (max-width: 300px) 100vw, 300px\" \/><\/a>El gobernador bonaerense<strong> Daniel Scioli <\/strong>asegur\u00f3 que el secuestro de 740 kilos de coca\u00edna en una casaquinta del partido de Escobar se constituy\u00f3 en <em>\u201cuno de los mayores golpes al narcotr\u00e1fico\u201d<\/em>, y dijo que har\u00e1 <em>\u201ctodo lo posible\u201d <\/em>para <em>\u201cdesterrar este flagelo\u201d. <\/em><\/p>\n<p style=\"text-align: justify;\"><em>\u201cEs uno de los mayores golpes al narcotr\u00e1fico, vinculado a la coca\u00edna. Estamos hablando de 740 kilos de coca\u00edna, valuados en alrededor de 20 millones de pesos\u201d,<\/em> dijo Scioli, quien supervis\u00f3 el trabajo realizado por la polic\u00eda en una quinta en Paul Harris 812, esquina Florencio S\u00e1nchez, del barrio El Cazador, en Escobar.<\/p>\n<p style=\"text-align: justify;\">El mandatario provincial se\u00f1al\u00f3 que la coca\u00edna secuestrada estaba distribuida en<em> \u201cbolsas de 25 kilos que, luego, se transformaban en las tizas que se comercializaban en el conurbano. Son m\u00e1s de 8.000 tizas\u201d. <\/em><\/p>\n<p style=\"text-align: justify;\">Seg\u00fan el gobernador bonaerense, la organizaci\u00f3n hab\u00eda alquilado la casaquinta en marzo \u00faltimo, por la cual pag\u00f3 unos 40 mil pesos, y que los detenidos son ocho en total, uno de ellos de nacionalidad paraguaya.<\/p>\n<p style=\"text-align: justify;\">Scioli aclar\u00f3 que la mayor\u00eda de los detenidos integraban una misma familia de apellido<strong> G\u00f3mez. <\/strong><\/p>\n<p style=\"text-align: justify;\"><em>\u201cEl juez federal de Mor\u00f3n, Juan Pablo Salas, estuvo m\u00e1s de un a\u00f1o siguiendo estas pistas tras una denuncia an\u00f3nima. Llegamos a esta instancia, acorralando a estos delincuentes, llegando a esta organizaci\u00f3n de narcos\u201d<\/em>, dijo.<\/p>\n<p style=\"text-align: justify;\">Las detenciones fueron realizadas tras diez allanamientos realizados en Escobar y en la zona sur del conurbano, en los que se secuestraron, adem\u00e1s de la droga, cuatro veh\u00edculos: un Peugeot 307, un Fiat Uno, una Renault Kangoo y un Fiat Palio.<\/p>\n<p style=\"text-align: justify;\">Adem\u00e1s, se hallaron precursores qu\u00edmicos, balanzas de precisi\u00f3n, estufas para el secado de la coca\u00edna y otros elementos de fraccionamiento y estiramiento de la droga. Entre los apresados est\u00e1 el cabecilla, el \u201c<span style=\"text-decoration: underline;\">cocinero<\/span>\u201d y seis distribuidores.<\/p>\n<p style=\"text-align: justify;\"><em>\u201cEstos procedimientos son parte de la b\u00fasqueda permanente de ir hasta el coraz\u00f3n, a los m\u00e1ximos responsables de estas organizaciones que comercializan esta droga que potencia el delito, que mata, que destruye, que es un eje central de nuestra pol\u00edtica de seguridad\u201d,<\/em> agreg\u00f3 Scioli.<\/p>\n<p style=\"text-align: justify;\">Adem\u00e1s, el gobernador dijo que su trabajo apunta a <em>\u201cmeter preso a uno por uno (de los narcotraficantes), en secuestrar toda la droga. Vamos a hacer todo lo que tengamos que hacer para desterrar este flagelo\u201d. <\/em><\/p>\n<p style=\"text-align: justify;\">En tanto, el ministro de Seguridad bonaerense<strong>, Ricardo Casal<\/strong>, resalt\u00f3 el trabajo realizado por personal de la Direcci\u00f3n de Investigaciones de Drogas Il\u00edcitas de Lomas de Zamora.<\/p>\n<p style=\"text-align: justify;\"><em>\u201cLo importante es que siempre llegamos para desarticular estas bandas en el mismo momento que est\u00e1n elaborando la droga\u201d,<\/em> dijo el ministro.<\/p>\n<p style=\"text-align: justify;\">Seg\u00fan el titular de la cartera de seguridad provincial, la coca\u00edna secuestrada<em> \u201cse puede llegar a vender en el mercado europeo a unos 37.000.000 d\u00f3lares\u201d.<\/em><\/p>\n","protected":false},"excerpt":{"rendered":"<p>El gobernador bonaerense Daniel Scioli asegur\u00f3 que el secuestro de 740 kilos de coca\u00edna en una casaquinta del partido de Escobar se constituy\u00f3 en \u201cuno de los mayores golpes al narcotr\u00e1fico\u201d, y dijo que har\u00e1 \u201ctodo lo posible\u201d para \u201cdesterrar este flagelo\u201d. \u201cEs uno de los mayores golpes al narcotr\u00e1fico, vinculado a la coca\u00edna. Estamos&hellip;<\/p>\n","protected":false},"author":1,"featured_media":0,"comment_status":"open","ping_status":"open","sticky":false,"template":"","format":"standard","meta":{"footnotes":""},"categories":[22],"tags":[1400,11641,983,1176,3852,11640],"class_list":["post-24541","post","type-post","status-publish","format-standard","hentry","category-policiales","tag-casaquinta","tag-cocina","tag-daniel-scioli","tag-escobar","tag-ricardo-casal","tag-secuestro-de-cocaina"],"_links":{"self":[{"href":"https:\/\/www.elsindical.com.ar\/notas\/wp-json\/wp\/v2\/posts\/24541","targetHints":{"allow":["GET"]}}],"collection":[{"href":"https:\/\/www.elsindical.com.ar\/notas\/wp-json\/wp\/v2\/posts"}],"about":[{"href":"https:\/\/www.elsindical.com.ar\/notas\/wp-json\/wp\/v2\/types\/post"}],"author":[{"embeddable":true,"href":"https:\/\/www.elsindical.com.ar\/notas\/wp-json\/wp\/v2\/users\/1"}],"replies":[{"embeddable":true,"href":"https:\/\/www.elsindical.com.ar\/notas\/wp-json\/wp\/v2\/comments?post=24541"}],"version-history":[{"count":2,"href":"https:\/\/www.elsindical.com.ar\/notas\/wp-json\/wp\/v2\/posts\/24541\/revisions"}],"predecessor-version":[{"id":24545,"href":"https:\/\/www.elsindical.com.ar\/notas\/wp-json\/wp\/v2\/posts\/24541\/revisions\/24545"}],"wp:attachment":[{"href":"https:\/\/www.elsindical.com.ar\/notas\/wp-json\/wp\/v2\/media?parent=24541"}],"wp:term":[{"taxonomy":"category","embeddable":true,"href":"https:\/\/www.elsindical.com.ar\/notas\/wp-json\/wp\/v2\/categories?post=24541"},{"taxonomy":"post_tag","embeddable":true,"href":"https:\/\/www.elsindical.com.ar\/notas\/wp-json\/wp\/v2\/tags?post=24541"}],"curies":[{"name":"wp","href":"https:\/\/api.w.org\/{rel}","templated":true}]}}