{"id":24514,"date":"2012-06-12T11:07:31","date_gmt":"2012-06-12T14:07:31","guid":{"rendered":"http:\/\/www.elsindical.com.ar\/notas\/?p=24514"},"modified":"2012-06-12T11:07:31","modified_gmt":"2012-06-12T14:07:31","slug":"palermoasaltaron-al-socio-de-boudou","status":"publish","type":"post","link":"https:\/\/www.elsindical.com.ar\/notas\/palermoasaltaron-al-socio-de-boudou\/","title":{"rendered":"Palermo:Asaltaron al socio de Boudou"},"content":{"rendered":"<p style=\"text-align: justify;\"><em><a href=\"http:\/\/www.elsindical.com.ar\/notas\/var\/www\/html\/notas\/wp-content\/uploads\/2012\/06\/Carmona-y-Boudou.jpg\"><img loading=\"lazy\" decoding=\"async\" class=\"alignleft size-medium wp-image-24515\" title=\"Carmona-y-Boudou\" src=\"http:\/\/www.elsindical.com.ar\/notas\/var\/www\/html\/notas\/wp-content\/uploads\/2012\/06\/Carmona-y-Boudou-300x169.jpg\" alt=\"\" width=\"300\" height=\"169\" srcset=\"https:\/\/www.elsindical.com.ar\/notas\/var\/www\/html\/notas\/wp-content\/uploads\/2012\/06\/Carmona-y-Boudou-300x169.jpg 300w, https:\/\/www.elsindical.com.ar\/notas\/var\/www\/html\/notas\/wp-content\/uploads\/2012\/06\/Carmona-y-Boudou.jpg 443w\" sizes=\"auto, (max-width: 300px) 100vw, 300px\" \/><\/a>Los casos de inseguridad no evaden a los amigos del Gobierno. Le robaron el auto, el celular y dinero a Nu\u00f1ez Carmona.<\/em><\/p>\n<p style=\"text-align: justify;\">El empresario Jos\u00e9 Mar\u00eda N\u00fa\u00f1ez Carmona, socio del vicepresidente Amado Boudou e investigado junto al funcionario kirchnerista por el caso de la ex Ciccone Calcogr\u00e1fica, fue asaltado esta madrugada en el barrio porte\u00f1o de Palermo, donde fue despojado de un autom\u00f3vil BMW, dinero, un tel\u00e9fono celular y otras pertenencias.<\/p>\n<p style=\"text-align: justify;\">As\u00ed lo informaron fuentes policiales y detallaron que el episodio comenz\u00f3 a la 1 de la madrugada en el cruce de la avenida Del Libertador y la calle Salguero, donde un autom\u00f3vil Volkswagen Vento con al menos dos ocupantes se cruz\u00f3 delante del veh\u00edculo que conduc\u00eda N\u00fa\u00f1ez Carmona, quien tuvo que detenerse de manera abrupta.<\/p>\n<p style=\"text-align: justify;\">Los delincuentes forzaron al empresario a entregar los objetos de valor que portaba y escaparon con el BMW, adem\u00e1s del veh\u00edculo en el que hab\u00edan arribado.<\/p>\n","protected":false},"excerpt":{"rendered":"<p>Los casos de inseguridad no evaden a los amigos del Gobierno. Le robaron el auto, el celular y dinero a Nu\u00f1ez Carmona. El empresario Jos\u00e9 Mar\u00eda N\u00fa\u00f1ez Carmona, socio del vicepresidente Amado Boudou e investigado junto al funcionario kirchnerista por el caso de la ex Ciccone Calcogr\u00e1fica, fue asaltado esta madrugada en el barrio porte\u00f1o&hellip;<\/p>\n","protected":false},"author":1,"featured_media":0,"comment_status":"open","ping_status":"open","sticky":false,"template":"","format":"standard","meta":{"footnotes":""},"categories":[22],"tags":[3586,1050,2836,519,944,375,10667,116],"class_list":["post-24514","post","type-post","status-publish","format-standard","hentry","category-policiales","tag-amado-boudou","tag-auto","tag-bmw","tag-celular","tag-empresario","tag-gobierno","tag-jose-maria-nunez-carmona","tag-robo"],"_links":{"self":[{"href":"https:\/\/www.elsindical.com.ar\/notas\/wp-json\/wp\/v2\/posts\/24514","targetHints":{"allow":["GET"]}}],"collection":[{"href":"https:\/\/www.elsindical.com.ar\/notas\/wp-json\/wp\/v2\/posts"}],"about":[{"href":"https:\/\/www.elsindical.com.ar\/notas\/wp-json\/wp\/v2\/types\/post"}],"author":[{"embeddable":true,"href":"https:\/\/www.elsindical.com.ar\/notas\/wp-json\/wp\/v2\/users\/1"}],"replies":[{"embeddable":true,"href":"https:\/\/www.elsindical.com.ar\/notas\/wp-json\/wp\/v2\/comments?post=24514"}],"version-history":[{"count":1,"href":"https:\/\/www.elsindical.com.ar\/notas\/wp-json\/wp\/v2\/posts\/24514\/revisions"}],"predecessor-version":[{"id":24516,"href":"https:\/\/www.elsindical.com.ar\/notas\/wp-json\/wp\/v2\/posts\/24514\/revisions\/24516"}],"wp:attachment":[{"href":"https:\/\/www.elsindical.com.ar\/notas\/wp-json\/wp\/v2\/media?parent=24514"}],"wp:term":[{"taxonomy":"category","embeddable":true,"href":"https:\/\/www.elsindical.com.ar\/notas\/wp-json\/wp\/v2\/categories?post=24514"},{"taxonomy":"post_tag","embeddable":true,"href":"https:\/\/www.elsindical.com.ar\/notas\/wp-json\/wp\/v2\/tags?post=24514"}],"curies":[{"name":"wp","href":"https:\/\/api.w.org\/{rel}","templated":true}]}}