{"id":24510,"date":"2012-06-12T00:32:06","date_gmt":"2012-06-12T03:32:06","guid":{"rendered":"http:\/\/www.elsindical.com.ar\/notas\/?p=24510"},"modified":"2012-06-12T00:32:06","modified_gmt":"2012-06-12T03:32:06","slug":"efemeridesdel-dia-12-de-junio-2","status":"publish","type":"post","link":"https:\/\/www.elsindical.com.ar\/notas\/efemeridesdel-dia-12-de-junio-2\/","title":{"rendered":"EFEM\u00c9RIDES:DEL D\u00cdA 12 DE JUNIO"},"content":{"rendered":"<p style=\"text-align: justify;\"><a href=\"http:\/\/www.elsindical.com.ar\/notas\/var\/www\/html\/notas\/wp-content\/uploads\/2012\/06\/Gral.-Juan-Jos\u00e9-Valle.jpg\"><img loading=\"lazy\" decoding=\"async\" class=\"alignleft size-full wp-image-24511\" title=\"Gral.-Juan-Jos\u00e9-Valle\" src=\"http:\/\/www.elsindical.com.ar\/notas\/var\/www\/html\/notas\/wp-content\/uploads\/2012\/06\/Gral.-Juan-Jos\u00e9-Valle.jpg\" alt=\"\" width=\"236\" height=\"236\" srcset=\"https:\/\/www.elsindical.com.ar\/notas\/var\/www\/html\/notas\/wp-content\/uploads\/2012\/06\/Gral.-Juan-Jos\u00e9-Valle.jpg 236w, https:\/\/www.elsindical.com.ar\/notas\/var\/www\/html\/notas\/wp-content\/uploads\/2012\/06\/Gral.-Juan-Jos\u00e9-Valle-150x150.jpg 150w\" sizes=\"auto, (max-width: 236px) 100vw, 236px\" \/><\/a>En otro 12 de junio, pero de 1898, el general Emilio Aguinaldo proclama la independencia de Filipinas, pese a la ocupaci\u00f3n militar estadounidense.<\/p>\n<p style=\"text-align: justify;\">1824- El Salvador promulga la primera Constituci\u00f3n de Centroam\u00e9rica.<\/p>\n<p style=\"text-align: justify;\">1834- Craci\u00f3n del Ducado de Bail\u00e9n en favor del general Casta\u00f1os, vencedor de los franceses en la batalla librada en la localidad jiennense.<\/p>\n<p style=\"text-align: justify;\">1843- El presidente mexicano Antonio L\u00f3pez de Santa Anna asume poderes dictatoriales y promulga una Constituci\u00f3n muy centralista basada en las Siete Leyes de 1836.<\/p>\n<p style=\"text-align: justify;\">1849- Fallece Ang\u00e9lica Catalani, cantante italiana.<\/p>\n<p style=\"text-align: justify;\">1865- Marcos Paz, presidente de la Confederaci\u00f3n Argentina, asume el poder ejecutivo por ausencia de Bartolom\u00e9 Mitre, quien pasa a desempe\u00f1ar el cargo de general en jefe del ej\u00e9rcito aliado.<\/p>\n<p style=\"text-align: justify;\">1872- Inauguraci\u00f3n del primer ferrocarril en Jap\u00f3n.<\/p>\n<p style=\"text-align: justify;\">1886- La expedici\u00f3n Cervera-Quiroga, organizada por la Sociedad Geogr\u00e1fica Comercial Espa\u00f1ola, levanta acta de la toma de posesi\u00f3n, en nombre de Espa\u00f1a, de R\u00edo de Oro (Sahara Occidental).<\/p>\n<p style=\"text-align: justify;\">1901- El f\u00edsico franc\u00e9s Henri Becquerel hace una demostraci\u00f3n sobre radiactividad en la Academia de Ciencias de Par\u00eds.<\/p>\n<p style=\"text-align: justify;\">1903- Asciende al trono de Serbia Pedro I, de la familia de los Karajorgevich, tras el asesinato de los reyes de este pa\u00eds.<\/p>\n<p style=\"text-align: justify;\">1906- Los Reyes de Noruega Haakon VII y su esposa, la princesa Maud, son coronados en la catedral Nidaros de Trondheim.<\/p>\n<p style=\"text-align: justify;\">1915- Nace David Rockefeller, banquero estadounidense.<\/p>\n<p style=\"text-align: justify;\">1917- El Rey Constantino I de Grecia abdica en su hijo Alejandro, por presiones ejercidas por Francia en nombre de los aliados.<\/p>\n<p style=\"text-align: justify;\">1921- Nace Luis Garc\u00eda Berlanga, cineasta espa\u00f1ol.<\/p>\n<p style=\"text-align: justify;\">1924- Nace George Herbert Walker Bush, ex presidente de EEUU.<\/p>\n<p style=\"text-align: justify;\">1926- Brasil abandona la Sociedad de Naciones.<\/p>\n<p style=\"text-align: justify;\">1928- Fallece Salvador D\u00edaz Mir\u00f3n, poeta mexicano.<\/p>\n<p style=\"text-align: justify;\">1931- Nace Guido di Tella, pol\u00edtico y economista argentino.<\/p>\n<p style=\"text-align: justify;\">1935- Guerra del Chaco: bolivianos y paraguayos firman en Buenos Aires el armisticio, tras m\u00e1s de 90.000 muertes.<\/p>\n<p style=\"text-align: justify;\">1938- La rotura de las presas del r\u00edo Huang-ho, en la zona de guerra chino-japonesa, ocasiona catastr\u00f3ficas inundaciones.<\/p>\n<p style=\"text-align: justify;\">1941- Nace Armando Anthony Corea \u00abChick Corea\u00bb, pianista de jazz estadounidense.<\/p>\n<p style=\"text-align: justify;\">1942- Nace Bert Sakmann, investigador alem\u00e1n, Premio Nobel de Medicina en 1991.<\/p>\n<p style=\"text-align: justify;\">1943- Segunda Guerra Mundial: los aliados ocupan las islas italianas de Pantellaria y Lampedusa.<\/p>\n<p style=\"text-align: justify;\">1944- Nace Joe Frazier, boxeador estadounidense.<\/p>\n<p style=\"text-align: justify;\">1948- Ginebra, designada sede de la OIT y de la primera conferencia mundial de la salud.<\/p>\n<p style=\"text-align: justify;\">1956- El general Juan Jos\u00e9 Valle, que se sublev\u00f3 contra el Gobierno provisional argentino del general Aramburu, es fusilado.<\/p>\n<p style=\"text-align: justify;\">&#8211; Estalla en vuelo de prueba el misil intercontinental estadounidense \u00abAtlas\u00bb, con un supuesto alcance de 9.000 kil\u00f3metros.<\/p>\n<p style=\"text-align: justify;\">1959- Venezuela rompe relaciones con la Rep\u00fablica Dominicana.<\/p>\n<p style=\"text-align: justify;\">1985- Espa\u00f1a y Portugal firman el Tratado de adhesi\u00f3n a la Comunidad Europea.<\/p>\n<p style=\"text-align: justify;\">1987- Jean Bedel Bokassa, emperador de la Rep\u00fablica Centroafricana, es condenado a muerte por asesinato, detenci\u00f3n ilegal, secuestro y malversaci\u00f3n de fondos p\u00fablicos.<\/p>\n<p style=\"text-align: justify;\">1991- Primeras elecciones presidenciales en Rusia y victoria de Bor\u00eds Yeltsin, que obtiene el 60 % de los votos.<\/p>\n<p style=\"text-align: justify;\">&#8211; El Partido del Congreso, ganador por mayor\u00eda relativa de las elecciones legislativas en la India.<\/p>\n<p style=\"text-align: justify;\">1994- Austria vota en refer\u00e9ndum a favor de su ingreso en la Uni\u00f3n Europea.<\/p>\n<p style=\"text-align: justify;\">2001- Condenado a cadena perpetua el saud\u00ed Mohamed Rashed Daoud Al-Owhali, uno de los autores del atentado a la embajada de EEUU en Kenia en 1998.<\/p>\n<p style=\"text-align: justify;\">2002- La UE incluye a las Fuerzas Armadas Revolucionarias de Colombia (FARC) en su lista de organizaciones terroristas.<\/p>\n<p style=\"text-align: justify;\">2003- M\u00e1s de un mill\u00f3n de personas se movilizan en La Habana frente a las embajadas de Espa\u00f1a e Italia para protestar contra las sanciones impuestas a la isla por la Uni\u00f3n Europea.<\/p>\n<p style=\"text-align: justify;\">&#8211; Fallece Gregory Peck, actor estadounidense.<\/p>\n<p style=\"text-align: justify;\">2006- Fallece Gyorgy Ligeti, compositor austr\u00edaco de origen h\u00fangaro.<\/p>\n<p style=\"text-align: justify;\">2007- Fallece Guy de Rothschild, banquero franc\u00e9s.<\/p>\n<p style=\"text-align: justify;\">2008- Los irlandeses rechazan en refer\u00e9ndum el Tratado de Lisboa.<\/p>\n<p style=\"text-align: justify;\">2009- Elecciones en Ir\u00e1n: Mahmud Ahmadineyad es reelegido presidente con el 64 por ciento de los votos.<\/p>\n<p style=\"text-align: justify;\">2010- El Gobierno cubano excarcela al disidente Ariel Sigler, gravemente enfermo, y acerca a otros seis a sus lugares de residencia.<\/p>\n","protected":false},"excerpt":{"rendered":"<p>En otro 12 de junio, pero de 1898, el general Emilio Aguinaldo proclama la independencia de Filipinas, pese a la ocupaci\u00f3n militar estadounidense. 1824- El Salvador promulga la primera Constituci\u00f3n de Centroam\u00e9rica. 1834- Craci\u00f3n del Ducado de Bail\u00e9n en favor del general Casta\u00f1os, vencedor de los franceses en la batalla librada en la localidad jiennense.&hellip;<\/p>\n","protected":false},"author":1,"featured_media":0,"comment_status":"open","ping_status":"open","sticky":false,"template":"","format":"standard","meta":{"footnotes":""},"categories":[14],"tags":[],"class_list":["post-24510","post","type-post","status-publish","format-standard","hentry","category-efemerides"],"_links":{"self":[{"href":"https:\/\/www.elsindical.com.ar\/notas\/wp-json\/wp\/v2\/posts\/24510","targetHints":{"allow":["GET"]}}],"collection":[{"href":"https:\/\/www.elsindical.com.ar\/notas\/wp-json\/wp\/v2\/posts"}],"about":[{"href":"https:\/\/www.elsindical.com.ar\/notas\/wp-json\/wp\/v2\/types\/post"}],"author":[{"embeddable":true,"href":"https:\/\/www.elsindical.com.ar\/notas\/wp-json\/wp\/v2\/users\/1"}],"replies":[{"embeddable":true,"href":"https:\/\/www.elsindical.com.ar\/notas\/wp-json\/wp\/v2\/comments?post=24510"}],"version-history":[{"count":2,"href":"https:\/\/www.elsindical.com.ar\/notas\/wp-json\/wp\/v2\/posts\/24510\/revisions"}],"predecessor-version":[{"id":24513,"href":"https:\/\/www.elsindical.com.ar\/notas\/wp-json\/wp\/v2\/posts\/24510\/revisions\/24513"}],"wp:attachment":[{"href":"https:\/\/www.elsindical.com.ar\/notas\/wp-json\/wp\/v2\/media?parent=24510"}],"wp:term":[{"taxonomy":"category","embeddable":true,"href":"https:\/\/www.elsindical.com.ar\/notas\/wp-json\/wp\/v2\/categories?post=24510"},{"taxonomy":"post_tag","embeddable":true,"href":"https:\/\/www.elsindical.com.ar\/notas\/wp-json\/wp\/v2\/tags?post=24510"}],"curies":[{"name":"wp","href":"https:\/\/api.w.org\/{rel}","templated":true}]}}