{"id":24488,"date":"2012-06-11T12:50:38","date_gmt":"2012-06-11T15:50:38","guid":{"rendered":"http:\/\/www.elsindical.com.ar\/notas\/?p=24488"},"modified":"2012-06-11T12:50:38","modified_gmt":"2012-06-11T15:50:38","slug":"quilmesmataron-a-un-profesor-de-educacion-fisica-en-un-presunto-asalto","status":"publish","type":"post","link":"https:\/\/www.elsindical.com.ar\/notas\/quilmesmataron-a-un-profesor-de-educacion-fisica-en-un-presunto-asalto\/","title":{"rendered":"Quilmes:Mataron a un profesor de educaci\u00f3n f\u00edsica en un presunto asalto"},"content":{"rendered":"<p style=\"text-align: justify;\"><em><a href=\"http:\/\/www.elsindical.com.ar\/notas\/var\/www\/html\/notas\/wp-content\/uploads\/2010\/03\/Cria.9na-Quilmes.jpg\"><img loading=\"lazy\" decoding=\"async\" class=\"alignleft size-full wp-image-4287\" title=\"Cria.9na-Quilmes\" src=\"http:\/\/www.elsindical.com.ar\/notas\/var\/www\/html\/notas\/wp-content\/uploads\/2010\/03\/Cria.9na-Quilmes.jpg\" alt=\"\" width=\"236\" height=\"160\" \/><\/a>Ten\u00eda 25 a\u00f1os y recibi\u00f3 un disparo cuando llegaba en auto a la casa de su novia; ocurri\u00f3 el s\u00e1bado, pero el joven falleci\u00f3 ayer; investigan si el m\u00f3vil fue el robo.<\/em><\/p>\n<p style=\"text-align: justify;\">Un profesor de educaci\u00f3n f\u00edsica fue asesinado de un balazo en la cabeza cuando aparentemente se resisti\u00f3 a un asalto al llegar a la casa de su novia en el Barrio Parque Calchaqu\u00ed, partido bonaerense de Quilmes.<\/p>\n<p style=\"text-align: justify;\">Un jefe policial indic\u00f3 a la agencia DyN que el hecho ocurri\u00f3 en la noche del s\u00e1bado en la calle Laprida, entre 381 y la Avenida Calchaqu\u00ed, de Quilmes Oeste, cuando Mat\u00edas Blanco, de 25 a\u00f1os, lleg\u00f3 a la vivienda de su novia en su auto Volkswagen Gol, color gris.<\/p>\n<p style=\"text-align: justify;\">Vecinos del barrio escucharon dos disparos y al asomarse a la calle para ver lo ocurrido encontraron al joven herido en la cabeza dentro de su auto, con dos impactos en la luneta trasera y la ventanilla del conductor. La v\u00edctima fue trasladada al Hospital de Alta Complejidad El Cruce de Florencio Varela, donde ingres\u00f3 con muerte cerebral y traumatismo de cr\u00e1neo grave a causa de una herida de arma de fuego.<\/p>\n<p style=\"text-align: justify;\">Seg\u00fan las fuentes, la bala ingres\u00f3 en la nunca y sali\u00f3 por la frente, con p\u00e9rdida de masa encef\u00e1lica. Blanco muri\u00f3 en la ma\u00f1ana de ayer, alrededor de las 09:30 hs.<\/p>\n<p style=\"text-align: justify;\">El hecho es investigado por la comisar\u00eda novena de Quilmes, donde se instruyeron las primeras actuaciones por \u00abhomicidio\u00bb, con intervenci\u00f3n la UFI 5 de la zona. No se descarta ninguna hip\u00f3tesis, pero se presume que el m\u00f3vil fue el robo.<\/p>\n","protected":false},"excerpt":{"rendered":"<p>Ten\u00eda 25 a\u00f1os y recibi\u00f3 un disparo cuando llegaba en auto a la casa de su novia; ocurri\u00f3 el s\u00e1bado, pero el joven falleci\u00f3 ayer; investigan si el m\u00f3vil fue el robo. Un profesor de educaci\u00f3n f\u00edsica fue asesinado de un balazo en la cabeza cuando aparentemente se resisti\u00f3 a un asalto al llegar a&hellip;<\/p>\n","protected":false},"author":1,"featured_media":0,"comment_status":"open","ping_status":"open","sticky":false,"template":"","format":"standard","meta":{"footnotes":""},"categories":[22],"tags":[11612,388,1307,5155,11614,4425,11613,684,116],"class_list":["post-24488","post","type-post","status-publish","format-standard","hentry","category-policiales","tag-barrio-parque-calcachaqui","tag-disparo","tag-florencio-varela","tag-hospital-del-cruce","tag-matias-blanco","tag-profesor","tag-profesor-de-gimnasia","tag-quilmes","tag-robo"],"_links":{"self":[{"href":"https:\/\/www.elsindical.com.ar\/notas\/wp-json\/wp\/v2\/posts\/24488","targetHints":{"allow":["GET"]}}],"collection":[{"href":"https:\/\/www.elsindical.com.ar\/notas\/wp-json\/wp\/v2\/posts"}],"about":[{"href":"https:\/\/www.elsindical.com.ar\/notas\/wp-json\/wp\/v2\/types\/post"}],"author":[{"embeddable":true,"href":"https:\/\/www.elsindical.com.ar\/notas\/wp-json\/wp\/v2\/users\/1"}],"replies":[{"embeddable":true,"href":"https:\/\/www.elsindical.com.ar\/notas\/wp-json\/wp\/v2\/comments?post=24488"}],"version-history":[{"count":1,"href":"https:\/\/www.elsindical.com.ar\/notas\/wp-json\/wp\/v2\/posts\/24488\/revisions"}],"predecessor-version":[{"id":24489,"href":"https:\/\/www.elsindical.com.ar\/notas\/wp-json\/wp\/v2\/posts\/24488\/revisions\/24489"}],"wp:attachment":[{"href":"https:\/\/www.elsindical.com.ar\/notas\/wp-json\/wp\/v2\/media?parent=24488"}],"wp:term":[{"taxonomy":"category","embeddable":true,"href":"https:\/\/www.elsindical.com.ar\/notas\/wp-json\/wp\/v2\/categories?post=24488"},{"taxonomy":"post_tag","embeddable":true,"href":"https:\/\/www.elsindical.com.ar\/notas\/wp-json\/wp\/v2\/tags?post=24488"}],"curies":[{"name":"wp","href":"https:\/\/api.w.org\/{rel}","templated":true}]}}