{"id":24427,"date":"2012-06-09T00:40:03","date_gmt":"2012-06-09T03:40:03","guid":{"rendered":"http:\/\/www.elsindical.com.ar\/notas\/?p=24427"},"modified":"2012-06-09T00:40:03","modified_gmt":"2012-06-09T03:40:03","slug":"excarcelan-a-una-acusada-de-trafico-de-drogas-para-que-cuide-a-sus-cuatro-hijos","status":"publish","type":"post","link":"https:\/\/www.elsindical.com.ar\/notas\/excarcelan-a-una-acusada-de-trafico-de-drogas-para-que-cuide-a-sus-cuatro-hijos\/","title":{"rendered":"Excarcelan a una acusada de tr\u00e1fico de drogas para que cuide a sus cuatro hijos"},"content":{"rendered":"<p style=\"text-align: justify;\"><em><a href=\"http:\/\/www.elsindical.com.ar\/notas\/var\/www\/html\/notas\/wp-content\/uploads\/2010\/05\/martillo-juez.jpg\"><img loading=\"lazy\" decoding=\"async\" class=\"alignleft size-full wp-image-6630\" title=\"martillo-juez\" src=\"http:\/\/www.elsindical.com.ar\/notas\/var\/www\/html\/notas\/wp-content\/uploads\/2010\/05\/martillo-juez.jpg\" alt=\"\" width=\"198\" height=\"198\" srcset=\"https:\/\/www.elsindical.com.ar\/notas\/var\/www\/html\/notas\/wp-content\/uploads\/2010\/05\/martillo-juez.jpg 198w, https:\/\/www.elsindical.com.ar\/notas\/var\/www\/html\/notas\/wp-content\/uploads\/2010\/05\/martillo-juez-150x150.jpg 150w\" sizes=\"auto, (max-width: 198px) 100vw, 198px\" \/><\/a>La C\u00e1mara Federal revoc\u00f3 la prisi\u00f3n preventiva que le hab\u00eda dictado la\u00a0 Jueza federal Servini de Cubr\u00eda. Argument\u00f3 que no existen\u00a0 riesgos de fuga o de entorpercimiento de la investigaci\u00f3n.<\/em><\/p>\n<p style=\"text-align: justify;\">La C\u00e1mara Federal excarcel\u00f3 a una mujer acusada de vender drogas para que pueda cuidar a sus cuatro hijos hasta tanto se celebre el juicio oral. Los jueces le concedieron este beneficio por considerar que no hab\u00eda peligrp de que se fugara o entorpeciera la causa.<\/p>\n<p style=\"text-align: justify;\">As\u00ed lo resolvi\u00f3 la Sala Primera del tribunal, que dej\u00f3 sin efecto la prisi\u00f3n preventiva que le hab\u00eda dictado la Jueza federal Mar\u00eda Servini de Cubr\u00eda. Los camaristas Eduardo Farah y Jorge Ballestero basaron su decisi\u00f3n en un fallo que establece que, independientemente del delito imputado, si no existen riesgos de fuga o de entorpecimiento de la investigaci\u00f3n, el procesado puede aguardar el juicio oral en libertad.<\/p>\n<p style=\"text-align: justify;\">De esta manera, los jueces decidieron excarcelar a la mujer para que pueda cuidar a sus cuatro hijos hasta que llegue el juicio. En su fallo, los camaristas resaltaron que la Constituci\u00f3n \u201cconsagra categ\u00f3ricamente el derecho a la libertad f\u00edsica y ambulatoria, atributo fundamental de todos los hombres\u00bb.<\/p>\n<p style=\"text-align: justify;\">Asimismo, aclararon que \u201cestas libertades pueden verse relativizadas si se comprueba la existencia de causas objetivas que hicieren presumir al juez que la persona sometida a proceso criminal intentar\u00e1 eludir la acci\u00f3n de la justicia o entorpecer el curso de las investigaciones judiciales\u00bb.<\/p>\n<p style=\"text-align: justify;\">\n<p style=\"text-align: justify;\">(DyN)<\/p>\n","protected":false},"excerpt":{"rendered":"<p>La C\u00e1mara Federal revoc\u00f3 la prisi\u00f3n preventiva que le hab\u00eda dictado la\u00a0 Jueza federal Servini de Cubr\u00eda. Argument\u00f3 que no existen\u00a0 riesgos de fuga o de entorpercimiento de la investigaci\u00f3n. La C\u00e1mara Federal excarcel\u00f3 a una mujer acusada de vender drogas para que pueda cuidar a sus cuatro hijos hasta tanto se celebre el juicio&hellip;<\/p>\n","protected":false},"author":1,"featured_media":0,"comment_status":"open","ping_status":"open","sticky":false,"template":"","format":"standard","meta":{"footnotes":""},"categories":[20],"tags":[382,11586,891,486,5903,4195],"class_list":["post-24427","post","type-post","status-publish","format-standard","hentry","category-judiciales","tag-drogas","tag-excarcelada","tag-fuga","tag-hijos","tag-jueza-federal-servini-de-cubria","tag-mantencion"],"_links":{"self":[{"href":"https:\/\/www.elsindical.com.ar\/notas\/wp-json\/wp\/v2\/posts\/24427","targetHints":{"allow":["GET"]}}],"collection":[{"href":"https:\/\/www.elsindical.com.ar\/notas\/wp-json\/wp\/v2\/posts"}],"about":[{"href":"https:\/\/www.elsindical.com.ar\/notas\/wp-json\/wp\/v2\/types\/post"}],"author":[{"embeddable":true,"href":"https:\/\/www.elsindical.com.ar\/notas\/wp-json\/wp\/v2\/users\/1"}],"replies":[{"embeddable":true,"href":"https:\/\/www.elsindical.com.ar\/notas\/wp-json\/wp\/v2\/comments?post=24427"}],"version-history":[{"count":2,"href":"https:\/\/www.elsindical.com.ar\/notas\/wp-json\/wp\/v2\/posts\/24427\/revisions"}],"predecessor-version":[{"id":24429,"href":"https:\/\/www.elsindical.com.ar\/notas\/wp-json\/wp\/v2\/posts\/24427\/revisions\/24429"}],"wp:attachment":[{"href":"https:\/\/www.elsindical.com.ar\/notas\/wp-json\/wp\/v2\/media?parent=24427"}],"wp:term":[{"taxonomy":"category","embeddable":true,"href":"https:\/\/www.elsindical.com.ar\/notas\/wp-json\/wp\/v2\/categories?post=24427"},{"taxonomy":"post_tag","embeddable":true,"href":"https:\/\/www.elsindical.com.ar\/notas\/wp-json\/wp\/v2\/tags?post=24427"}],"curies":[{"name":"wp","href":"https:\/\/api.w.org\/{rel}","templated":true}]}}