{"id":24403,"date":"2012-06-08T10:58:27","date_gmt":"2012-06-08T13:58:27","guid":{"rendered":"http:\/\/www.elsindical.com.ar\/notas\/?p=24403"},"modified":"2012-06-08T10:58:44","modified_gmt":"2012-06-08T13:58:44","slug":"floresincendio-en-un-geriatrico-dos-muertos","status":"publish","type":"post","link":"https:\/\/www.elsindical.com.ar\/notas\/floresincendio-en-un-geriatrico-dos-muertos\/","title":{"rendered":"Flores:Incendio en un geri\u00e1trico,dos muertos"},"content":{"rendered":"<p style=\"text-align: justify;\"><em><a href=\"http:\/\/www.elsindical.com.ar\/notas\/var\/www\/html\/notas\/wp-content\/uploads\/2012\/06\/geri\u00e1trico-incendio-en-Flores.jpg\"><img loading=\"lazy\" decoding=\"async\" class=\"alignleft size-medium wp-image-24404\" title=\"geri\u00e1trico-incendio-en-Flores\" src=\"http:\/\/www.elsindical.com.ar\/notas\/var\/www\/html\/notas\/wp-content\/uploads\/2012\/06\/geri\u00e1trico-incendio-en-Flores-300x224.jpg\" alt=\"\" width=\"300\" height=\"224\" srcset=\"https:\/\/www.elsindical.com.ar\/notas\/var\/www\/html\/notas\/wp-content\/uploads\/2012\/06\/geri\u00e1trico-incendio-en-Flores-300x224.jpg 300w, https:\/\/www.elsindical.com.ar\/notas\/var\/www\/html\/notas\/wp-content\/uploads\/2012\/06\/geri\u00e1trico-incendio-en-Flores.jpg 502w\" sizes=\"auto, (max-width: 300px) 100vw, 300px\" \/><\/a>El fuego se inici\u00f3 esta madrugada en un centro de jubilados del barrio porte\u00f1o de Floresta. Adem\u00e1s, otros 22 abuelos resultaron heridos y fueron trasladados a distintos hospitales porte\u00f1os.<\/em><\/p>\n<p style=\"text-align: justify;\">Dos ancianas murieron y otros 22 resultaron heridos esta ma\u00f1ana al incendiarse un geri\u00e1trico en el barrio porte\u00f1o de Floresta. Al parecer, informaron fuentes oficiales, el fuego habr\u00eda tenido origen en fallas del sistema de calefacci\u00f3n del lugar.<\/p>\n<p style=\"text-align: justify;\">El incendio se registr\u00f3 en el geri\u00e1trico Josefina, ubicado en Mariano Acosta al 200. Las v\u00edctimas fatales son dos mujeres de 91 y 80 a\u00f1os, que compart\u00edan la habitaci\u00f3n del primer piso en la que se iniciaron las llamas, minutos antes de las 6.<\/p>\n<p style=\"text-align: justify;\">En tanto, otros 22 ancianos tuvieron que ser trasladados a los hospitales Santojanni, Penna, Pi\u00f1ero, Durand y \u00c1lvarez. Seg\u00fan inform\u00f3 el titular del Same, Alberto Crescenti, tres de ellos presentan un estado cl\u00ednico de gravedad y su \u201cpron\u00f3stico es reservado\u201d.<\/p>\n<p style=\"text-align: justify;\">Si bien el jefe del equipo de bomberos que trabaj\u00f3 en el lugar afirm\u00f3 que \u00abes muy prematuro hablar por ahora de las causas\u00bb que originaron el fuego, destac\u00f3 que en la habitaci\u00f3n donde comenzaron las llamas hab\u00eda una estufa tiro balanceado con salida al exterior.\u00bbNo les puedo decir cu\u00e1les eran las condiciones de funcionamiento (de la estufa)\u00bb, aclar\u00f3.<\/p>\n<p style=\"text-align: justify;\">Por su parte, el defensor de la Tercera Edad, Eduardo Semino, dijo que \u00aben principio, este geri\u00e1trico aparece formalmente habilitado\u00bb y agreg\u00f3 que -de acuerdo al informe que le suministraron bomberos y polic\u00edas- el incendio \u00abfue por un tema de tratar de calefaccionarse de alguna manera\u00bb.<\/p>\n<p style=\"text-align: justify;\">\u00abEsta situaci\u00f3n no es nueva, llega el invierno y hablamos de controles, pero estructuralmente no le damos soluciones\u00bb, se quej\u00f3.<\/p>\n<p style=\"text-align: justify;\">Consultado acerca de si el geri\u00e1trico donde se produjo el incendio estaba habilitado, dijo que \u00abaparece formalmente habilitado, lo no quiere decir que no tenga sobrepoblaci\u00f3n\u00bb.<\/p>\n<p style=\"text-align: justify;\">(DyN y T\u00e9lam)<\/p>\n","protected":false},"excerpt":{"rendered":"<p>El fuego se inici\u00f3 esta madrugada en un centro de jubilados del barrio porte\u00f1o de Floresta. Adem\u00e1s, otros 22 abuelos resultaron heridos y fueron trasladados a distintos hospitales porte\u00f1os. Dos ancianas murieron y otros 22 resultaron heridos esta ma\u00f1ana al incendiarse un geri\u00e1trico en el barrio porte\u00f1o de Floresta. Al parecer, informaron fuentes oficiales, el&hellip;<\/p>\n","protected":false},"author":1,"featured_media":0,"comment_status":"open","ping_status":"open","sticky":false,"template":"","format":"standard","meta":{"footnotes":""},"categories":[22],"tags":[11577,1369,1848,1158,4910],"class_list":["post-24403","post","type-post","status-publish","format-standard","hentry","category-policiales","tag-ancianas","tag-bomberos","tag-floresta","tag-incendio","tag-jubilados"],"_links":{"self":[{"href":"https:\/\/www.elsindical.com.ar\/notas\/wp-json\/wp\/v2\/posts\/24403","targetHints":{"allow":["GET"]}}],"collection":[{"href":"https:\/\/www.elsindical.com.ar\/notas\/wp-json\/wp\/v2\/posts"}],"about":[{"href":"https:\/\/www.elsindical.com.ar\/notas\/wp-json\/wp\/v2\/types\/post"}],"author":[{"embeddable":true,"href":"https:\/\/www.elsindical.com.ar\/notas\/wp-json\/wp\/v2\/users\/1"}],"replies":[{"embeddable":true,"href":"https:\/\/www.elsindical.com.ar\/notas\/wp-json\/wp\/v2\/comments?post=24403"}],"version-history":[{"count":2,"href":"https:\/\/www.elsindical.com.ar\/notas\/wp-json\/wp\/v2\/posts\/24403\/revisions"}],"predecessor-version":[{"id":24406,"href":"https:\/\/www.elsindical.com.ar\/notas\/wp-json\/wp\/v2\/posts\/24403\/revisions\/24406"}],"wp:attachment":[{"href":"https:\/\/www.elsindical.com.ar\/notas\/wp-json\/wp\/v2\/media?parent=24403"}],"wp:term":[{"taxonomy":"category","embeddable":true,"href":"https:\/\/www.elsindical.com.ar\/notas\/wp-json\/wp\/v2\/categories?post=24403"},{"taxonomy":"post_tag","embeddable":true,"href":"https:\/\/www.elsindical.com.ar\/notas\/wp-json\/wp\/v2\/tags?post=24403"}],"curies":[{"name":"wp","href":"https:\/\/api.w.org\/{rel}","templated":true}]}}