{"id":24380,"date":"2012-06-07T00:03:51","date_gmt":"2012-06-07T03:03:51","guid":{"rendered":"http:\/\/www.elsindical.com.ar\/notas\/?p=24380"},"modified":"2012-06-07T00:03:51","modified_gmt":"2012-06-07T03:03:51","slug":"efemeridesdel-dia-7-de-junio-2","status":"publish","type":"post","link":"https:\/\/www.elsindical.com.ar\/notas\/efemeridesdel-dia-7-de-junio-2\/","title":{"rendered":"EFEM\u00c9RIDES:DEL D\u00cdA 7 DE JUNIO"},"content":{"rendered":"<p style=\"text-align: justify;\"><a href=\"http:\/\/www.elsindical.com.ar\/notas\/var\/www\/html\/notas\/wp-content\/uploads\/2010\/06\/La-Gaceta-1810.jpg\"><img loading=\"lazy\" decoding=\"async\" class=\"alignleft size-medium wp-image-7133\" title=\"La-Gaceta-1810\" src=\"http:\/\/www.elsindical.com.ar\/notas\/var\/www\/html\/notas\/wp-content\/uploads\/2010\/06\/La-Gaceta-1810-189x300.jpg\" alt=\"\" width=\"189\" height=\"300\" \/><\/a>El 7 de junio de 1494 se firma el Tratado de Tordesillas, por el que Castilla y Portugal se reparten las zonas de conquista y anexi\u00f3n del nuevo mundo mediante una l\u00ednea divisora del Oc\u00e9ano Atl\u00e1ntico.<\/p>\n<p style=\"text-align: justify;\">1517- El navegante Juan de Grijalba descubre en M\u00e9xico el r\u00edo al que dio el nombre de Tabasco, el del cacique de aquel lugar.<\/p>\n<p style=\"text-align: justify;\">1629- La ciudad haitiana de Port Royal sufre tres sacudidas s\u00edsmicas que la destruyen totalmente.<\/p>\n<p style=\"text-align: justify;\">1755- Un se\u00edsmo causa 40.000 muertos en el norte de Persia.<\/p>\n<p style=\"text-align: justify;\">1762- Los ingleses inician el desembarco en Cuba, utilizando para ello Cogimar y Guanabacoa.<\/p>\n<p style=\"text-align: justify;\">1810- Comienza a publicarse la \u00abGaceta de Buenos Ayres\u00bb, primer \u00f3rgano de prensa de las ideas patri\u00f3ticas y liberales, fundada por Mariano Moreno, uno de los caudillos de la independencia.<\/p>\n<p style=\"text-align: justify;\">1812- Nace Antonio Bachiller y Morales, escritor cubano.<\/p>\n<p style=\"text-align: justify;\">1863- Las tropas francesas, que llegaron a M\u00e9xico en apoyo de Maximiliano I, toman la capital.<\/p>\n<p style=\"text-align: justify;\">1880- Guerra del Pac\u00edfico. Los chilenos toman por asalto la plaza de Arica, \u00faltimo reducto de los peruanos.<\/p>\n<p style=\"text-align: justify;\">1905- El Parlamento del hasta entonces Reino Unido de Suecia y Noruega vota la separaci\u00f3n de ambos pa\u00edses.<\/p>\n<p style=\"text-align: justify;\">1911- La erupci\u00f3n del volc\u00e1n mexicano Colima causa 1.450 muertos.<\/p>\n<p style=\"text-align: justify;\">&#8211; Entrada triunfal de Francisco Madero en la ciudad de M\u00e9xico, tras derrotar a las tropas del dictador Porfirio D\u00edaz.<\/p>\n<p style=\"text-align: justify;\">1914- El transatl\u00e1ntico estadounidense \u00abAliance\u00bb inaugura el Canal de Panam\u00e1, cruz\u00e1ndolo del Atl\u00e1ntico al Pac\u00edfico.<\/p>\n<p style=\"text-align: justify;\">1917- La capital de la Rep\u00fablica de El Salvador queda destruida en su mayor parte por un temblor de tierra.<\/p>\n<p style=\"text-align: justify;\">1928- Nace James Ivory, cineasta estadounidense.<\/p>\n<p style=\"text-align: justify;\">1929- El \u00abPlan Young\u00bb, sobre pago de indemnizaciones de guerra por parte de Alemania a los aliados, suscita grandes protestas entre los \u00abCascos de acero\u00bb y los nacionalsocialistas alemanes.<\/p>\n<p style=\"text-align: justify;\">1937- Muere Jean Harlow, actriz estadounidense de cine.<\/p>\n<p style=\"text-align: justify;\">1940- Nace Tom Jones (Thomas Jones Woodward), cantante gal\u00e9s.<\/p>\n<p style=\"text-align: justify;\">1943- Pedro Pablo Ram\u00edrez toma el poder en Argentina tras el golpe de Estado del 4 de junio.<\/p>\n<p style=\"text-align: justify;\">1944- Segunda Guerra Mundial. El rey Leopoldo III de B\u00e9lgica es hecho prisionero por los alemanes.<\/p>\n<p style=\"text-align: justify;\">1948- Edvard Benes, presidente de Checoslovaquia, presenta la dimisi\u00f3n sin firmar la Constituci\u00f3n elaborada por los comunistas.<\/p>\n<p style=\"text-align: justify;\">1951- Ejecutados los \u00faltimos criminales de guerra nazis condenados por el Tribunal de Nuremberg.<\/p>\n<p style=\"text-align: justify;\">1957- Nace Juan Luis Guerra, m\u00fasico y cantante dominicano.<\/p>\n<p style=\"text-align: justify;\">1958- Choques violentos entre turcos y griegos en Chipre.<\/p>\n<p style=\"text-align: justify;\">1967- El Gobierno boliviano declara el estado de sitio por las revueltas de obreros y estudiantes.<\/p>\n<p style=\"text-align: justify;\">1979- Dimite Carlos Alberto Mota Pinto, jefe del Gobierno de Portugal.<\/p>\n<p style=\"text-align: justify;\">1980- Muere Henry Miller, escritor estadounidense.<\/p>\n<p style=\"text-align: justify;\">1981- Aviones israel\u00edes destruyen el reactor nuclear adquirido por Irak a Francia por considerarlo un peligro para la paz.<\/p>\n<p style=\"text-align: justify;\">1987- Muere Humberto Constantini, escritor argentino.<\/p>\n<p style=\"text-align: justify;\">1990- El Pacto de Varsovia avanza hacia su disoluci\u00f3n de hecho, al aceptar la transformaci\u00f3n de su car\u00e1cter, funciones y actividades, seg\u00fan acuerdan en Mosc\u00fa los jefes de Estado y de Gobierno de los siete pa\u00edses miembros.<\/p>\n<p style=\"text-align: justify;\">1994- Mueren 589 personas y otras 13.400 resultan damnificadas en el terremoto de 6 grados en la escala de Richter registrado en Cauca y Huila (Colombia).<\/p>\n<p style=\"text-align: justify;\">1999- Los presidentes de Argentina, Carlos Menem, y Brasil, Fernando Henrique Cardoso, acuerdan en Buenos Aires un pacto de \u00abresponsabilidad fiscal\u00bb entre ambos pa\u00edses.<\/p>\n<p style=\"text-align: justify;\">2001- El ex presidente argentino Carlos Menem es detenido en relaci\u00f3n con una causa de contrabando de armas a Croacia y Ecuador.<\/p>\n<p style=\"text-align: justify;\">&#8211; Honduras y Nicaragua firman un acuerdo para consolidar la confianza mutua y evitar roces en sus fronteras y zona mar\u00edtima.<\/p>\n<p style=\"text-align: justify;\">&#8211; Muere V\u00edctor Paz Estenssoro, ex presidente de Bolivia.<\/p>\n<p style=\"text-align: justify;\">2003- Ham\u00e1s y otros cuatro grupos radicales palestinos rechazan el plan de paz de Aqaba y deciden continuar con la Intifada.<\/p>\n<p style=\"text-align: justify;\">2004- Miguel \u00c1ngel Rodr\u00edguez, ex presidente de Costa Rica, es elegido secretario general de la OEA.<\/p>\n<p style=\"text-align: justify;\">&#8211; La Polic\u00eda italiana detiene en Mil\u00e1n a Rabei Osman El Sayed Ahmed, alias \u00abMohamed el Egipcio\u00bb, uno de los presuntos cerebros de los atentados del 11-M en Madrid.<\/p>\n<p style=\"text-align: justify;\">2006- El Consejo de Europa implica a catorce pa\u00edses europeos en los vuelos de la CIA que trasladaron y secuestraron a sospechosos de terrorismo para ser interrogados en terceros pa\u00edses.<\/p>\n<p style=\"text-align: justify;\">2008- Muere Dino Risi, cineasta italiano.<\/p>\n<p style=\"text-align: justify;\">2010- Tras 26 a\u00f1os de espera, un tribunal indio condena a s\u00f3lo dos a\u00f1os de c\u00e1rcel y al pago de algo m\u00e1s de dos mil d\u00f3lares a los 8 directivos responsables del escape de gas t\u00f3xico en Bhopal, que caus\u00f3 la muerte de 25.000 personas en 1984.<\/p>\n","protected":false},"excerpt":{"rendered":"<p>El 7 de junio de 1494 se firma el Tratado de Tordesillas, por el que Castilla y Portugal se reparten las zonas de conquista y anexi\u00f3n del nuevo mundo mediante una l\u00ednea divisora del Oc\u00e9ano Atl\u00e1ntico. 1517- El navegante Juan de Grijalba descubre en M\u00e9xico el r\u00edo al que dio el nombre de Tabasco, el&hellip;<\/p>\n","protected":false},"author":1,"featured_media":0,"comment_status":"open","ping_status":"open","sticky":false,"template":"","format":"standard","meta":{"footnotes":""},"categories":[14],"tags":[],"class_list":["post-24380","post","type-post","status-publish","format-standard","hentry","category-efemerides"],"_links":{"self":[{"href":"https:\/\/www.elsindical.com.ar\/notas\/wp-json\/wp\/v2\/posts\/24380","targetHints":{"allow":["GET"]}}],"collection":[{"href":"https:\/\/www.elsindical.com.ar\/notas\/wp-json\/wp\/v2\/posts"}],"about":[{"href":"https:\/\/www.elsindical.com.ar\/notas\/wp-json\/wp\/v2\/types\/post"}],"author":[{"embeddable":true,"href":"https:\/\/www.elsindical.com.ar\/notas\/wp-json\/wp\/v2\/users\/1"}],"replies":[{"embeddable":true,"href":"https:\/\/www.elsindical.com.ar\/notas\/wp-json\/wp\/v2\/comments?post=24380"}],"version-history":[{"count":2,"href":"https:\/\/www.elsindical.com.ar\/notas\/wp-json\/wp\/v2\/posts\/24380\/revisions"}],"predecessor-version":[{"id":24382,"href":"https:\/\/www.elsindical.com.ar\/notas\/wp-json\/wp\/v2\/posts\/24380\/revisions\/24382"}],"wp:attachment":[{"href":"https:\/\/www.elsindical.com.ar\/notas\/wp-json\/wp\/v2\/media?parent=24380"}],"wp:term":[{"taxonomy":"category","embeddable":true,"href":"https:\/\/www.elsindical.com.ar\/notas\/wp-json\/wp\/v2\/categories?post=24380"},{"taxonomy":"post_tag","embeddable":true,"href":"https:\/\/www.elsindical.com.ar\/notas\/wp-json\/wp\/v2\/tags?post=24380"}],"curies":[{"name":"wp","href":"https:\/\/api.w.org\/{rel}","templated":true}]}}