{"id":24315,"date":"2012-06-04T12:35:56","date_gmt":"2012-06-04T15:35:56","guid":{"rendered":"http:\/\/www.elsindical.com.ar\/notas\/?p=24315"},"modified":"2012-06-04T12:35:56","modified_gmt":"2012-06-04T15:35:56","slug":"san-miguelboliviana-secuestrada-en-ingeniero-bunge-apararece-asesinada-a-tiros","status":"publish","type":"post","link":"https:\/\/www.elsindical.com.ar\/notas\/san-miguelboliviana-secuestrada-en-ingeniero-bunge-apararece-asesinada-a-tiros\/","title":{"rendered":"San Miguel:Boliviana secuestrada en Ingeniero Bunge, apararece asesinada a tiros"},"content":{"rendered":"<p style=\"text-align: justify;\"><em><a href=\"http:\/\/www.elsindical.com.ar\/notas\/var\/www\/html\/notas\/wp-content\/uploads\/2010\/06\/morguera-polic\u00eda-bonaerense.jpg\"><img loading=\"lazy\" decoding=\"async\" class=\"alignleft size-medium wp-image-7557\" title=\"morguera polic\u00eda bonaerense\" src=\"http:\/\/www.elsindical.com.ar\/notas\/var\/www\/html\/notas\/wp-content\/uploads\/2010\/06\/morguera-polic\u00eda-bonaerense-300x175.jpg\" alt=\"\" width=\"300\" height=\"175\" srcset=\"https:\/\/www.elsindical.com.ar\/notas\/var\/www\/html\/notas\/wp-content\/uploads\/2010\/06\/morguera-polic\u00eda-bonaerense-300x175.jpg 300w, https:\/\/www.elsindical.com.ar\/notas\/var\/www\/html\/notas\/wp-content\/uploads\/2010\/06\/morguera-polic\u00eda-bonaerense.jpg 466w\" sizes=\"auto, (max-width: 300px) 100vw, 300px\" \/><\/a>Una comerciante de 39 a\u00f1os oriunda del pa\u00eds vecino que hab\u00eda sido raptada en Ingeniero Budge fue hallada sin vida y asesinada a tiros en Bella Vista. Se investiga si se trata de un posible ajuste de cuentas.<\/em><\/p>\n<p style=\"text-align: justify;\">Un mujer de nacionalidad boliviana que hab\u00eda sido secuestrada en su casa de la localidad bonaerense de Ingeniero Budge apareci\u00f3 asesinada de tres tiros en la cabeza doce horas m\u00e1s tarde en Bella Vista.<\/p>\n<p style=\"text-align: justify;\">La v\u00edctima fue identificada por las fuentes como<strong> Julieta Rocha<\/strong> (39), due\u00f1a de un almac\u00e9n, y la polic\u00eda sospecha que el crimen puede estar motivo por un \u201cajuste\u201d o una \u201cvenganza\u201d vinculada al narcotr\u00e1fico. Los voceros explicaron que todo empez\u00f3 el viernes pasado a las 19.30 en la casa de Rocha, ubicada en la intersecci\u00f3n de las calles Asunci\u00f3n y Resistencia, del barrio Esperanza de Ingeniero Budge, partido de Lomas de Zamora.<\/p>\n<p style=\"text-align: justify;\">Un grupo comando integrado por al menos seis hombres armados descendi\u00f3 de tres autom\u00f3viles y dos motos, ingres\u00f3 a la vivienda y captur\u00f3 a Rocha. Una fuente judicial confirm\u00f3 que antes de huir con la v\u00edctima, uno de los delincuentes le dijo al marido de Rocha: \u201c<em>And\u00e1 juntando la plata<\/em>\u201d.<\/p>\n<p style=\"text-align: justify;\">La denuncia fue radicada en la comisar\u00eda 10ma. de Lomas de Zamora, pero ante las caracter\u00edsticas del hecho la polic\u00eda aplic\u00f3 el protocolo de un secuestro extorsivo y le dio inmediata intervenci\u00f3n a la Fiscal\u00eda Federal 2 de Lomas de Zamora, a cargo de <strong>Alberto Gentili<\/strong>.<\/p>\n<p style=\"text-align: justify;\">Fuentes judiciales y policiales indicaron que m\u00e1s all\u00e1 de aquella primera menci\u00f3n que los captores le hicieron al marido de la v\u00edctima, en las doce horas que dur\u00f3 la desaparici\u00f3n de Rocha no hubo ning\u00fan tipo de llamada extorsiva con un pedido concreto de rescate.<\/p>\n<p style=\"text-align: justify;\">Rocha apareci\u00f3 al d\u00eda siguiente, alrededor de las 7 de la ma\u00f1ana, asesinada en un descampado ubicado en la calle Moine, entre Lago Lacar y R\u00edo Pilcomayo, de Bella Vista, partido de San Miguel. La v\u00edctima fue ejecutada de tres balazos en la cabeza, seg\u00fan se determinaron en la autopsia.<\/p>\n<p style=\"text-align: justify;\">\u201c<em>Esto no fue un secuestro extorsivo. Tenemos toda la impresi\u00f3n de que se trat\u00f3 de alg\u00fan tipo de venganza o ajuste de cuentas. Fue una ejecuci\u00f3n para dar alg\u00fan mensaje<\/em>\u201d, dijo un jefe policial. La polic\u00eda ahora investiga las actividades de la v\u00edctima y de su entorno.<\/p>\n<p style=\"text-align: justify;\">\u201c<em>Por el momento no hemos encontrado que la v\u00edctima tuviera antecedentes, pero estamos averiguando si alguna vez su casa y el almac\u00e9n fueron allanados en el marco de alguna causa por drogas<\/em>\u201d, dijo otro vocero policial. Los investigadores s\u00ed detectaron que tanto Rocha como su marido tienen frecuentes salidas y entradas del pa\u00eds, aunque figuran justificadas como visitas a sus familiares en la ciudad boliviana de Cochabamba.<\/p>\n<p style=\"text-align: justify;\">\n<div id=\"firma\" style=\"text-align: justify;\">T\u00e9lam<\/div>\n","protected":false},"excerpt":{"rendered":"<p>Una comerciante de 39 a\u00f1os oriunda del pa\u00eds vecino que hab\u00eda sido raptada en Ingeniero Budge fue hallada sin vida y asesinada a tiros en Bella Vista. Se investiga si se trata de un posible ajuste de cuentas. Un mujer de nacionalidad boliviana que hab\u00eda sido secuestrada en su casa de la localidad bonaerense de&hellip;<\/p>\n","protected":false},"author":1,"featured_media":0,"comment_status":"open","ping_status":"open","sticky":false,"template":"","format":"standard","meta":{"footnotes":""},"categories":[22],"tags":[1048,11232,1141,7234,11544,11542,11540,11545,746,11541,30,11543],"class_list":["post-24315","post","type-post","status-publish","format-standard","hentry","category-policiales","tag-asesinada","tag-bella-vista","tag-bolivia","tag-boliviana","tag-cochabamba","tag-cria-10-lomas","tag-disparo-en-la-cabeza","tag-fiscal-alberto-gentili","tag-ingeniero-budge","tag-julieta-rocha","tag-policia","tag-ufi-2"],"_links":{"self":[{"href":"https:\/\/www.elsindical.com.ar\/notas\/wp-json\/wp\/v2\/posts\/24315","targetHints":{"allow":["GET"]}}],"collection":[{"href":"https:\/\/www.elsindical.com.ar\/notas\/wp-json\/wp\/v2\/posts"}],"about":[{"href":"https:\/\/www.elsindical.com.ar\/notas\/wp-json\/wp\/v2\/types\/post"}],"author":[{"embeddable":true,"href":"https:\/\/www.elsindical.com.ar\/notas\/wp-json\/wp\/v2\/users\/1"}],"replies":[{"embeddable":true,"href":"https:\/\/www.elsindical.com.ar\/notas\/wp-json\/wp\/v2\/comments?post=24315"}],"version-history":[{"count":2,"href":"https:\/\/www.elsindical.com.ar\/notas\/wp-json\/wp\/v2\/posts\/24315\/revisions"}],"predecessor-version":[{"id":24317,"href":"https:\/\/www.elsindical.com.ar\/notas\/wp-json\/wp\/v2\/posts\/24315\/revisions\/24317"}],"wp:attachment":[{"href":"https:\/\/www.elsindical.com.ar\/notas\/wp-json\/wp\/v2\/media?parent=24315"}],"wp:term":[{"taxonomy":"category","embeddable":true,"href":"https:\/\/www.elsindical.com.ar\/notas\/wp-json\/wp\/v2\/categories?post=24315"},{"taxonomy":"post_tag","embeddable":true,"href":"https:\/\/www.elsindical.com.ar\/notas\/wp-json\/wp\/v2\/tags?post=24315"}],"curies":[{"name":"wp","href":"https:\/\/api.w.org\/{rel}","templated":true}]}}