{"id":24236,"date":"2012-06-01T11:09:43","date_gmt":"2012-06-01T14:09:43","guid":{"rendered":"http:\/\/www.elsindical.com.ar\/notas\/?p=24236"},"modified":"2012-06-01T11:09:43","modified_gmt":"2012-06-01T14:09:43","slug":"una-foto-revela-una-supuesta-oferta-de-150-mil-para-aprobar-el-impuestazo-rural","status":"publish","type":"post","link":"https:\/\/www.elsindical.com.ar\/notas\/una-foto-revela-una-supuesta-oferta-de-150-mil-para-aprobar-el-impuestazo-rural\/","title":{"rendered":"Una foto revela una supuesta oferta de $150 mil para aprobar el impuestazo rural"},"content":{"rendered":"<p style=\"text-align: justify;\"><em><a href=\"http:\/\/www.elsindical.com.ar\/notas\/var\/www\/html\/notas\/wp-content\/uploads\/2012\/06\/foto-coima-Ottavis-01.jpg\"><img loading=\"lazy\" decoding=\"async\" class=\"alignleft size-medium wp-image-24237\" title=\"foto-coima-Ottavis-01\" src=\"http:\/\/www.elsindical.com.ar\/notas\/var\/www\/html\/notas\/wp-content\/uploads\/2012\/06\/foto-coima-Ottavis-01-300x200.jpg\" alt=\"\" width=\"300\" height=\"200\" srcset=\"https:\/\/www.elsindical.com.ar\/notas\/var\/www\/html\/notas\/wp-content\/uploads\/2012\/06\/foto-coima-Ottavis-01-300x200.jpg 300w, https:\/\/www.elsindical.com.ar\/notas\/var\/www\/html\/notas\/wp-content\/uploads\/2012\/06\/foto-coima-Ottavis-01.jpg 531w\" sizes=\"auto, (max-width: 300px) 100vw, 300px\" \/><\/a>Se trata de una toma de la pantalla del celular del diputado camporista Jos\u00e9 Ottavis; la imagen fue publicada hoy en el diario Clar\u00edn; c\u00f3mo fue el intercambio de mensajes.<\/em><\/p>\n<p style=\"text-align: justify;\">Ayer, en un clima de tensi\u00f3n, luego de que el gobernador Daniel Scioli firmara un decreto con un fuerte reval\u00fao de todas las tierras de la provincia de Buenos Aires, la Legislatura bonaerense aprob\u00f3finalmente la reforma tributaria que fija aumentos a los impuestos inmobiliario rural, ingresos brutos y sellos.<\/p>\n<p style=\"text-align: justify;\">En el recinto, durante la sesi\u00f3n, un fot\u00f3grafo del diario <em> Clar\u00edn <\/em> (no identificado con nombre y apellido, sino como \u00abAgencia La Plata\u00bb) capt\u00f3 varias im\u00e1genes de Jos\u00e9 Ottavis, vicepresidente de la C\u00e1mara de Diputados, l\u00edder de La C\u00e1mpora, mientras chateaba con su compa\u00f1eros de bancada Miguel Funes y Roc\u00edo Giaccone.<\/p>\n<p style=\"text-align: justify;\">Seg\u00fan public\u00f3 el matutino, Giacconne escribi\u00f3: \u00ab150 mil x cabeza ofrecen a los diputados de la opo seg\u00fan palabras de Valeria Arata. Se est\u00e1 corriendo eso&#8230;\u00bb.<\/p>\n<p style=\"text-align: justify;\">Ottavis respondi\u00f3: \u00abBueno chicos. No contemos m\u00e1s cosas y cuidado &#8230;\u00bb.<\/p>\n<h2 style=\"text-align: justify;\">Qui\u00e9nes<\/h2>\n<p style=\"text-align: justify;\">Jos\u00e9 Ottavis fue electo diputado provincial en octubre de 2011 y asumi\u00f3 su banca en diciembre. Es el secretario general de la Juventud Peronista de la provincia de Buenos Aires y pertenece a la mesa de conducci\u00f3n nacional de La C\u00e1mpora.<\/p>\n<p style=\"text-align: justify;\">Al igual que Ottavis, Giaccone y Funes son militantes de la agrupaci\u00f3n juvenil apadrinada por M\u00e1ximo Kirchner. Tambi\u00e9n resultaron electos en los comicios de octubre de 2011, cuando la presidenta Cristina Kirchner fue reelecta.<\/p>\n<p style=\"text-align: justify;\">El vice de Diputados y Giaccone trabajaron juntos en el comando del Fondo de Capital Social (Foncap) hasta diciembre de 2011, cuando asumieron en la Legislatura bonaerense . \u00c9l era presidente y ella, vicepresidenta ejecutiva; es decir, una persona de confianza.<\/p>\n<p style=\"text-align: justify;\">Funes es el diputado que tiene tatuada la cara de N\u00e9stor Kirchner . \u00abCreo que N\u00e9stor nos marco a todos nosotros, nos tatu\u00f3 de alguna forma, todos tenemos un recuerdo imborrable de \u00e9l. Necesitaba tenerlo en mi piel\u00bb, hab\u00eda contado cuando se conoci\u00f3 su <em> tattoo <\/em> .<\/p>\n<p style=\"text-align: justify;\">Giaconne y Arata (la legisladora radical que le habr\u00eda contado la supuesta existencia de un ofrecimiento de pago ilegal) son de la misma ciudad: Jun\u00edn.<\/p>\n<h2 style=\"text-align: justify;\">N\u00fameros<\/h2>\n<p style=\"text-align: justify;\">El oficialismo ven\u00eda de tres \u00abderrotas\u00bb: hab\u00edan intentado sesionar para debatir el proyecto en tres oportunidades, pero no hab\u00edan logrado reunir el qu\u00f3rum para iniciar la sesi\u00f3n.\u00a0 El Frente para la Victoria necesitaba dos tercios de los votos para votar el proyecto en general y mayor\u00eda simple para aprobar el impuestazo. El endeudamiento requier\u00eda de dos tercios de los votos.<\/p>\n<p style=\"text-align: justify;\">Con 64 votos a favor y 27 en contra, la ley aprobada permitir\u00e1 al Poder Ejecutivo incrementar recursos por un total de 2485 millones de pesos al a\u00f1o. A estos fondos se suman los 2200 millones de endeudamiento p\u00fablico que autoriz\u00f3 la norma.<\/p>\n<p style=\"text-align: justify;\">Adem\u00e1s del Frente para la Victoria, apoyaron el proyecto en general Nuevo Encuentro, Pro Peronismo y el Frente Amplio Progresista. Los \u00faltimos dos bloques se opusieron al aumento de impuestos. La UCR vot\u00f3 todo en contra. Inmediatamente pas\u00f3 al Senado, en donde hubo 29 legisladores que apoyaron la norma y 15 que la rechazaron.<\/p>\n<p style=\"text-align: justify;\">El aumento impositivo afectar\u00e1 especialmente al sector agropecuario, que reaccion\u00f3 de inmediato con la convocatoria a un paro de nueve d\u00edas.<\/p>\n<p style=\"text-align: justify;\"><a href=\"http:\/\/www.elsindical.com.ar\/notas\/var\/www\/html\/notas\/wp-content\/uploads\/2012\/06\/foto-coima-Ottavis-02.jpg\"><img loading=\"lazy\" decoding=\"async\" class=\"alignleft size-medium wp-image-24238\" title=\"foto-coima-Ottavis-02\" src=\"http:\/\/www.elsindical.com.ar\/notas\/var\/www\/html\/notas\/wp-content\/uploads\/2012\/06\/foto-coima-Ottavis-02-300x200.jpg\" alt=\"\" width=\"300\" height=\"200\" srcset=\"https:\/\/www.elsindical.com.ar\/notas\/var\/www\/html\/notas\/wp-content\/uploads\/2012\/06\/foto-coima-Ottavis-02-300x200.jpg 300w, https:\/\/www.elsindical.com.ar\/notas\/var\/www\/html\/notas\/wp-content\/uploads\/2012\/06\/foto-coima-Ottavis-02.jpg 531w\" sizes=\"auto, (max-width: 300px) 100vw, 300px\" \/><\/a><\/p>\n","protected":false},"excerpt":{"rendered":"<p>Se trata de una toma de la pantalla del celular del diputado camporista Jos\u00e9 Ottavis; la imagen fue publicada hoy en el diario Clar\u00edn; c\u00f3mo fue el intercambio de mensajes. Ayer, en un clima de tensi\u00f3n, luego de que el gobernador Daniel Scioli firmara un decreto con un fuerte reval\u00fao de todas las tierras de&hellip;<\/p>\n","protected":false},"author":1,"featured_media":0,"comment_status":"open","ping_status":"open","sticky":false,"template":"","format":"standard","meta":{"footnotes":""},"categories":[13],"tags":[70,983,1523,500,11507,449,565],"class_list":["post-24236","post","type-post","status-publish","format-standard","hentry","category-politica","tag-clarin","tag-daniel-scioli","tag-decreto","tag-gobernador","tag-jose-ottavis","tag-legislatura","tag-votacion"],"_links":{"self":[{"href":"https:\/\/www.elsindical.com.ar\/notas\/wp-json\/wp\/v2\/posts\/24236","targetHints":{"allow":["GET"]}}],"collection":[{"href":"https:\/\/www.elsindical.com.ar\/notas\/wp-json\/wp\/v2\/posts"}],"about":[{"href":"https:\/\/www.elsindical.com.ar\/notas\/wp-json\/wp\/v2\/types\/post"}],"author":[{"embeddable":true,"href":"https:\/\/www.elsindical.com.ar\/notas\/wp-json\/wp\/v2\/users\/1"}],"replies":[{"embeddable":true,"href":"https:\/\/www.elsindical.com.ar\/notas\/wp-json\/wp\/v2\/comments?post=24236"}],"version-history":[{"count":2,"href":"https:\/\/www.elsindical.com.ar\/notas\/wp-json\/wp\/v2\/posts\/24236\/revisions"}],"predecessor-version":[{"id":24240,"href":"https:\/\/www.elsindical.com.ar\/notas\/wp-json\/wp\/v2\/posts\/24236\/revisions\/24240"}],"wp:attachment":[{"href":"https:\/\/www.elsindical.com.ar\/notas\/wp-json\/wp\/v2\/media?parent=24236"}],"wp:term":[{"taxonomy":"category","embeddable":true,"href":"https:\/\/www.elsindical.com.ar\/notas\/wp-json\/wp\/v2\/categories?post=24236"},{"taxonomy":"post_tag","embeddable":true,"href":"https:\/\/www.elsindical.com.ar\/notas\/wp-json\/wp\/v2\/tags?post=24236"}],"curies":[{"name":"wp","href":"https:\/\/api.w.org\/{rel}","templated":true}]}}