{"id":24208,"date":"2012-05-31T13:16:40","date_gmt":"2012-05-31T16:16:40","guid":{"rendered":"http:\/\/www.elsindical.com.ar\/notas\/?p=24208"},"modified":"2012-05-31T13:16:40","modified_gmt":"2012-05-31T16:16:40","slug":"por-decreto-scioli-fijo-el-aumento-del-impuesto-rural","status":"publish","type":"post","link":"https:\/\/www.elsindical.com.ar\/notas\/por-decreto-scioli-fijo-el-aumento-del-impuesto-rural\/","title":{"rendered":"Por decreto, Scioli fij\u00f3 el aumento del impuesto rural"},"content":{"rendered":"<p style=\"text-align: justify;\"><em><a href=\"http:\/\/www.elsindical.com.ar\/notas\/var\/www\/html\/notas\/wp-content\/uploads\/2010\/05\/Daniel-Scioli.jpg\"><img loading=\"lazy\" decoding=\"async\" class=\"alignleft size-full wp-image-6389\" title=\"Daniel-Scioli\" src=\"http:\/\/www.elsindical.com.ar\/notas\/var\/www\/html\/notas\/wp-content\/uploads\/2010\/05\/Daniel-Scioli.jpg\" alt=\"\" width=\"198\" height=\"204\" \/><\/a>Luego de varios intentos fracasados de sesionar en la Legislatura bonaerense, el gobernador de la provincia de Buenos Aires firm\u00f3 un decreto que prev\u00e9 el reval\u00fao tributario.<\/em><\/p>\n<div style=\"text-align: justify;\">\n<p>El gobernador bonaerense,<strong> Daniel Scioli<\/strong>, firm\u00f3 el decreto 442\/2012\u00a0 por el cual determin\u00f3 el reval\u00fao de tierras en la provincia de Buenos Aires. Varios de sus ministros llevaron copias a la Legislatura provincial, donde se discuti\u00f3 la medida firmada en una sesi\u00f3n de Labor Parlamentaria. De esta forma, se cambi\u00f3 el<strong> valor fiscal de los campos<\/strong>, con el que se calcula su carga impositiva.<\/p>\n<p>Es inminente el comienzo de la sesi\u00f3n en Diputados, donde se tratar\u00eda esta tarde la medida impulsada por el Gobernador. Se espera que el debate comience en los pr\u00f3ximos minutos.<\/p>\n<p>El punto del reval\u00fao rural era el eje central de la discusi\u00f3n para aprobar el paquete de la reforma impositiva, que incluye la suba de tributos, adem\u00e1s de un permiso para endeudarse por <strong>$2200 millones<\/strong>.<\/p>\n<p>Por su parte, los productores agropecuarios de distintas localidades de la provincia Buenos Aires manifestaron su descontento ante la noticia y expresaron su rechazo a la decisi\u00f3n oficial en las puertas de la Legislatura, en la ciudad de La Plata.<\/p>\n<p>Debido a la presencia de los manifestantes, efectivos policiales vallaron desde primeras horas de la ma\u00f1ana el palacio legislativo en prevenci\u00f3n de que se produjeran incidentes como los del <strong>10 de mayo pasado,<\/strong> cuando la C\u00e1mara de Senadores le dio media sanci\u00f3n al reval\u00fao.<\/p>\n<\/div>\n","protected":false},"excerpt":{"rendered":"<p>Luego de varios intentos fracasados de sesionar en la Legislatura bonaerense, el gobernador de la provincia de Buenos Aires firm\u00f3 un decreto que prev\u00e9 el reval\u00fao tributario. El gobernador bonaerense, Daniel Scioli, firm\u00f3 el decreto 442\/2012\u00a0 por el cual determin\u00f3 el reval\u00fao de tierras en la provincia de Buenos Aires. Varios de sus ministros llevaron&hellip;<\/p>\n","protected":false},"author":1,"featured_media":0,"comment_status":"open","ping_status":"open","sticky":false,"template":"","format":"standard","meta":{"footnotes":""},"categories":[13],"tags":[154,983,11494,11492,500,11491,11493],"class_list":["post-24208","post","type-post","status-publish","format-standard","hentry","category-politica","tag-buenos-aires","tag-daniel-scioli","tag-decreto-4422012","tag-el-campo","tag-gobernador","tag-legislatura-provincia","tag-valor-fiscal"],"_links":{"self":[{"href":"https:\/\/www.elsindical.com.ar\/notas\/wp-json\/wp\/v2\/posts\/24208","targetHints":{"allow":["GET"]}}],"collection":[{"href":"https:\/\/www.elsindical.com.ar\/notas\/wp-json\/wp\/v2\/posts"}],"about":[{"href":"https:\/\/www.elsindical.com.ar\/notas\/wp-json\/wp\/v2\/types\/post"}],"author":[{"embeddable":true,"href":"https:\/\/www.elsindical.com.ar\/notas\/wp-json\/wp\/v2\/users\/1"}],"replies":[{"embeddable":true,"href":"https:\/\/www.elsindical.com.ar\/notas\/wp-json\/wp\/v2\/comments?post=24208"}],"version-history":[{"count":2,"href":"https:\/\/www.elsindical.com.ar\/notas\/wp-json\/wp\/v2\/posts\/24208\/revisions"}],"predecessor-version":[{"id":24210,"href":"https:\/\/www.elsindical.com.ar\/notas\/wp-json\/wp\/v2\/posts\/24208\/revisions\/24210"}],"wp:attachment":[{"href":"https:\/\/www.elsindical.com.ar\/notas\/wp-json\/wp\/v2\/media?parent=24208"}],"wp:term":[{"taxonomy":"category","embeddable":true,"href":"https:\/\/www.elsindical.com.ar\/notas\/wp-json\/wp\/v2\/categories?post=24208"},{"taxonomy":"post_tag","embeddable":true,"href":"https:\/\/www.elsindical.com.ar\/notas\/wp-json\/wp\/v2\/tags?post=24208"}],"curies":[{"name":"wp","href":"https:\/\/api.w.org\/{rel}","templated":true}]}}