{"id":24204,"date":"2012-05-31T13:10:40","date_gmt":"2012-05-31T16:10:40","guid":{"rendered":"http:\/\/www.elsindical.com.ar\/notas\/?p=24204"},"modified":"2012-05-31T13:10:40","modified_gmt":"2012-05-31T16:10:40","slug":"villa-devotobalean-a-empleado-en-la-nuca-en-un-asalto-a-una-farmacia","status":"publish","type":"post","link":"https:\/\/www.elsindical.com.ar\/notas\/villa-devotobalean-a-empleado-en-la-nuca-en-un-asalto-a-una-farmacia\/","title":{"rendered":"Villa Devoto:Balean a empleado en la nuca en un asalto a una farmacia"},"content":{"rendered":"<p style=\"text-align: justify;\"><em><a href=\"http:\/\/www.elsindical.com.ar\/notas\/var\/www\/html\/notas\/wp-content\/uploads\/2012\/05\/robo-farmacia-Villa-Devoto.jpg\"><img loading=\"lazy\" decoding=\"async\" class=\"alignleft size-medium wp-image-24205\" title=\"robo-farmacia-Villa-Devoto\" src=\"http:\/\/www.elsindical.com.ar\/notas\/var\/www\/html\/notas\/wp-content\/uploads\/2012\/05\/robo-farmacia-Villa-Devoto-300x186.jpg\" alt=\"\" width=\"300\" height=\"186\" srcset=\"https:\/\/www.elsindical.com.ar\/notas\/var\/www\/html\/notas\/wp-content\/uploads\/2012\/05\/robo-farmacia-Villa-Devoto-300x186.jpg 300w, https:\/\/www.elsindical.com.ar\/notas\/var\/www\/html\/notas\/wp-content\/uploads\/2012\/05\/robo-farmacia-Villa-Devoto.jpg 413w\" sizes=\"auto, (max-width: 300px) 100vw, 300px\" \/><\/a>Dos marginales irrumpieron a punta de pistola en una botica de Villa Devoto, hirieron de un tiro a uno de los trabajadores del lugar y huyeron con el dinero de la caja. La v\u00edctima qued\u00f3 internada en una cl\u00ednica privada, sin riesgo de vida.<\/em><\/p>\n<p style=\"text-align: justify;\">El empleado de una farmacia fue herido de un balazo en la espalda cuando forceje\u00f3 con uno de los dos ladrones que ingresaron a robar en ese comercio del barrio porte\u00f1o de Villa Devoto, informaron fuentes policiales.<\/p>\n<p style=\"text-align: justify;\">Los investigadores aseguraron que tras balear al empleado, los delincuentes se apoderaron del dinero de la caja y huyeron a bordo de una motocicleta.<\/p>\n<p style=\"text-align: justify;\">Seg\u00fan las fuentes, el hecho ocurri\u00f3 cerca de las 21 del mi\u00e9rcoles en la farmacia \u201cVantage\u201d, ubicada en las calles Pedro Lozano y Lope de Vega, de Devoto, donde se hallaban el due\u00f1o del lugar y tres empleados, uno de ellos llamado <strong>Gabriel Insaurralde<\/strong>, de 33 a\u00f1os.<\/p>\n<p style=\"text-align: justify;\">De acuerdo al relato de testigos, los empleados estaban acomodando la mercader\u00eda en las estanter\u00edas ya que era la hora de cierre del local, cuando ingresaron al lugar dos hombres armados con fines de robo.<\/p>\n<p style=\"text-align: justify;\">Seg\u00fan fuentes policiales, mientras uno de los ladrones se qued\u00f3 en la puerta oficiando de campana, su c\u00f3mplice amenaz\u00f3 de muerte al farmac\u00e9utico y a dos de los empleados, a quienes les exigieron la entrega del dinero de la caja y de sus efectos personales, entre ellos celulares y billeteras.<\/p>\n<p style=\"text-align: justify;\">Al escuchar gritos de sus compa\u00f1eros, Insaurralde, que se hallaba en los fondos del local, se acerc\u00f3 hacia el frente y se encontr\u00f3 con uno de los asaltantes.<\/p>\n<p style=\"text-align: justify;\">El empleado se trab\u00f3 en lucha con el delincuente pero su c\u00f3mplice lo golpe\u00f3 en la cabeza con la culata del arma para luego descerrajarle un balazo por la espalda, en la zona del om\u00f3plato derecho.<\/p>\n<p style=\"text-align: justify;\">Tras ello, los delincuentes se apoderaron de una suma de dinero y huyeron a bordo de una motocicleta. El empleado fue auxiliado por sus compa\u00f1eros que inmediatamente llamaron al SAME y, luego, trasladado al hospital V\u00e9lez Sarsfield.<\/p>\n<p style=\"text-align: justify;\">All\u00ed, los m\u00e9dicos determinaron que la herida era importante pero que no hab\u00eda riesgo de vida, por lo que autorizaron su traslado a una cl\u00ednica privada.<\/p>\n<p style=\"text-align: justify;\">Por su parte, efectivos de la comisar\u00eda 45a. de la Polic\u00eda Federal montaron un intenso operativo para intentar encontrar a los delincuentes, aunque por el momento el resultado es negativo.<\/p>\n<p style=\"text-align: justify;\">Como se trata de una zona comercial, los pesquisas intentan hallar alguna c\u00e1mara de seguridad de los locales linderos para intentar ver el momento de la fuga de los ladrones.<\/p>\n<p style=\"text-align: justify;\">\n<div id=\"firma\" style=\"text-align: justify;\">T\u00e9lam<\/div>\n","protected":false},"excerpt":{"rendered":"<p>Dos marginales irrumpieron a punta de pistola en una botica de Villa Devoto, hirieron de un tiro a uno de los trabajadores del lugar y huyeron con el dinero de la caja. La v\u00edctima qued\u00f3 internada en una cl\u00ednica privada, sin riesgo de vida. El empleado de una farmacia fue herido de un balazo en&hellip;<\/p>\n","protected":false},"author":1,"featured_media":0,"comment_status":"open","ping_status":"open","sticky":false,"template":"","format":"standard","meta":{"footnotes":""},"categories":[22],"tags":[11490,3220,10776,30,116,4814,125,4207],"class_list":["post-24204","post","type-post","status-publish","format-standard","hentry","category-policiales","tag-barrio-porteno","tag-farmacia","tag-nuca","tag-policia","tag-robo","tag-tiro","tag-trabajadores","tag-villa-devoto"],"_links":{"self":[{"href":"https:\/\/www.elsindical.com.ar\/notas\/wp-json\/wp\/v2\/posts\/24204","targetHints":{"allow":["GET"]}}],"collection":[{"href":"https:\/\/www.elsindical.com.ar\/notas\/wp-json\/wp\/v2\/posts"}],"about":[{"href":"https:\/\/www.elsindical.com.ar\/notas\/wp-json\/wp\/v2\/types\/post"}],"author":[{"embeddable":true,"href":"https:\/\/www.elsindical.com.ar\/notas\/wp-json\/wp\/v2\/users\/1"}],"replies":[{"embeddable":true,"href":"https:\/\/www.elsindical.com.ar\/notas\/wp-json\/wp\/v2\/comments?post=24204"}],"version-history":[{"count":2,"href":"https:\/\/www.elsindical.com.ar\/notas\/wp-json\/wp\/v2\/posts\/24204\/revisions"}],"predecessor-version":[{"id":24207,"href":"https:\/\/www.elsindical.com.ar\/notas\/wp-json\/wp\/v2\/posts\/24204\/revisions\/24207"}],"wp:attachment":[{"href":"https:\/\/www.elsindical.com.ar\/notas\/wp-json\/wp\/v2\/media?parent=24204"}],"wp:term":[{"taxonomy":"category","embeddable":true,"href":"https:\/\/www.elsindical.com.ar\/notas\/wp-json\/wp\/v2\/categories?post=24204"},{"taxonomy":"post_tag","embeddable":true,"href":"https:\/\/www.elsindical.com.ar\/notas\/wp-json\/wp\/v2\/tags?post=24204"}],"curies":[{"name":"wp","href":"https:\/\/api.w.org\/{rel}","templated":true}]}}