{"id":24163,"date":"2012-05-29T11:11:05","date_gmt":"2012-05-29T14:11:05","guid":{"rendered":"http:\/\/www.elsindical.com.ar\/notas\/?p=24163"},"modified":"2012-05-29T11:11:05","modified_gmt":"2012-05-29T14:11:05","slug":"recoletaasaltan-local-de-comidas","status":"publish","type":"post","link":"https:\/\/www.elsindical.com.ar\/notas\/recoletaasaltan-local-de-comidas\/","title":{"rendered":"Recoleta:Asaltan local de comidas"},"content":{"rendered":"<p style=\"text-align: justify;\"><em><a href=\"http:\/\/www.elsindical.com.ar\/notas\/var\/www\/html\/notas\/wp-content\/uploads\/2012\/05\/Burger-asaltado-Recoleta.jpg\"><img loading=\"lazy\" decoding=\"async\" class=\"alignleft size-medium wp-image-24164\" title=\"Burger-asaltado-Recoleta\" src=\"http:\/\/www.elsindical.com.ar\/notas\/var\/www\/html\/notas\/wp-content\/uploads\/2012\/05\/Burger-asaltado-Recoleta-300x200.jpg\" alt=\"\" width=\"300\" height=\"200\" srcset=\"https:\/\/www.elsindical.com.ar\/notas\/var\/www\/html\/notas\/wp-content\/uploads\/2012\/05\/Burger-asaltado-Recoleta-300x200.jpg 300w, https:\/\/www.elsindical.com.ar\/notas\/var\/www\/html\/notas\/wp-content\/uploads\/2012\/05\/Burger-asaltado-Recoleta.jpg 413w\" sizes=\"auto, (max-width: 300px) 100vw, 300px\" \/><\/a>Se trata de un Burger King ubicado en Santa Fe y Ayacucho; robaron cerca de 10.000 pesos de la recaudaci\u00f3n.<\/em><\/p>\n<p style=\"text-align: justify;\">Un local de comidas r\u00e1pidas del barrio porte\u00f1o de Recoleta sufri\u00f3 esta ma\u00f1ana el robo de su recaudaci\u00f3n. Un hombre aprovech\u00f3 el momento del ingreso de mercader\u00eda al comercio y se llev\u00f3 una suma de dinero que ronda los 10.000 pesos, indicaron fuentes policiales a la agencia DyN.<\/p>\n<p style=\"text-align: justify;\">El asalto se registr\u00f3 aproximadamente a las 07:00 hs.\u00a0en el local \u00abBurger King\u00bb ubicado en Santa Fe y Ayacucho, de esta Capital, y fue realizado por una persona, aunque se estima que un c\u00f3mplice hac\u00eda de \u00abcampana\u00bb fuera del negocio.<\/p>\n<p style=\"text-align: justify;\">El ladr\u00f3n ingres\u00f3 al local cuando los empleados ingresaban la mercader\u00eda de la jornada y, a punta de pistola, se llevaron la recaudaci\u00f3n que rondar\u00eda entre los 7.000 y 10.000 pesos, sostuvieron las fuentes.<\/p>\n<p style=\"text-align: justify;\">En el hecho interviene la comisar\u00eda 17 de la Polic\u00eda Federal.<\/p>\n","protected":false},"excerpt":{"rendered":"<p>Se trata de un Burger King ubicado en Santa Fe y Ayacucho; robaron cerca de 10.000 pesos de la recaudaci\u00f3n. Un local de comidas r\u00e1pidas del barrio porte\u00f1o de Recoleta sufri\u00f3 esta ma\u00f1ana el robo de su recaudaci\u00f3n. Un hombre aprovech\u00f3 el momento del ingreso de mercader\u00eda al comercio y se llev\u00f3 una suma de&hellip;<\/p>\n","protected":false},"author":1,"featured_media":0,"comment_status":"open","ping_status":"open","sticky":false,"template":"","format":"standard","meta":{"footnotes":""},"categories":[22],"tags":[11477,2554,502,3302,116],"class_list":["post-24163","post","type-post","status-publish","format-standard","hentry","category-policiales","tag-burger-king","tag-dyn","tag-policia-federal-argentina","tag-recoleta","tag-robo"],"_links":{"self":[{"href":"https:\/\/www.elsindical.com.ar\/notas\/wp-json\/wp\/v2\/posts\/24163","targetHints":{"allow":["GET"]}}],"collection":[{"href":"https:\/\/www.elsindical.com.ar\/notas\/wp-json\/wp\/v2\/posts"}],"about":[{"href":"https:\/\/www.elsindical.com.ar\/notas\/wp-json\/wp\/v2\/types\/post"}],"author":[{"embeddable":true,"href":"https:\/\/www.elsindical.com.ar\/notas\/wp-json\/wp\/v2\/users\/1"}],"replies":[{"embeddable":true,"href":"https:\/\/www.elsindical.com.ar\/notas\/wp-json\/wp\/v2\/comments?post=24163"}],"version-history":[{"count":2,"href":"https:\/\/www.elsindical.com.ar\/notas\/wp-json\/wp\/v2\/posts\/24163\/revisions"}],"predecessor-version":[{"id":24166,"href":"https:\/\/www.elsindical.com.ar\/notas\/wp-json\/wp\/v2\/posts\/24163\/revisions\/24166"}],"wp:attachment":[{"href":"https:\/\/www.elsindical.com.ar\/notas\/wp-json\/wp\/v2\/media?parent=24163"}],"wp:term":[{"taxonomy":"category","embeddable":true,"href":"https:\/\/www.elsindical.com.ar\/notas\/wp-json\/wp\/v2\/categories?post=24163"},{"taxonomy":"post_tag","embeddable":true,"href":"https:\/\/www.elsindical.com.ar\/notas\/wp-json\/wp\/v2\/tags?post=24163"}],"curies":[{"name":"wp","href":"https:\/\/api.w.org\/{rel}","templated":true}]}}