{"id":24139,"date":"2012-05-28T17:16:33","date_gmt":"2012-05-28T20:16:33","guid":{"rendered":"http:\/\/www.elsindical.com.ar\/notas\/?p=24139"},"modified":"2012-05-28T17:16:33","modified_gmt":"2012-05-28T20:16:33","slug":"comision-nacional-de-valores-cnv-trabajara-a-reglamento-los-dias-2930-y-31","status":"publish","type":"post","link":"https:\/\/www.elsindical.com.ar\/notas\/comision-nacional-de-valores-cnv-trabajara-a-reglamento-los-dias-2930-y-31\/","title":{"rendered":"Comisi\u00f3n Nacional de Valores (CNV) trabajar\u00e1 a reglamento los d\u00edas 29,30 y 31"},"content":{"rendered":"<p style=\"text-align: justify;\"><em><strong><a href=\"http:\/\/www.elsindical.com.ar\/notas\/var\/www\/html\/notas\/wp-content\/uploads\/2012\/05\/CNV-Argentina.jpg\"><img loading=\"lazy\" decoding=\"async\" class=\"alignleft size-medium wp-image-24140\" title=\"CNV-Argentina\" src=\"http:\/\/www.elsindical.com.ar\/notas\/var\/www\/html\/notas\/wp-content\/uploads\/2012\/05\/CNV-Argentina-300x209.jpg\" alt=\"\" width=\"300\" height=\"209\" srcset=\"https:\/\/www.elsindical.com.ar\/notas\/var\/www\/html\/notas\/wp-content\/uploads\/2012\/05\/CNV-Argentina-300x209.jpg 300w, https:\/\/www.elsindical.com.ar\/notas\/var\/www\/html\/notas\/wp-content\/uploads\/2012\/05\/CNV-Argentina.jpg 413w\" sizes=\"auto, (max-width: 300px) 100vw, 300px\" \/><\/a>Luego del paro de 24 hs. realizado hoy, la Comisi\u00f3n Nacional<\/strong><strong> de Valores (CNV) trabajar\u00e1 a reglamento los d\u00edas 29,30 y 31 de mayo<\/strong>.<\/em><\/p>\n<p style=\"text-align: justify;\">En nombre y representaci\u00f3n de la <strong>Asociaci\u00f3n Trabajadores<\/strong><strong> <\/strong><strong>del Estado, Consejo Directivo Capital Federal<\/strong>, nos dirigimos a los medios de prensa y a la comunidad en general a fines de comunicar lo siguiente:<\/p>\n<div style=\"text-align: justify;\"><\/div>\n<div style=\"text-align: justify;\">Los trabajadores de la Comisi\u00f3n Nacional de Valores (CNV), cumplen la jornada de paro por 24 horas con un alto acatamiento.\u00a0 En asamblea decidieron trabajar a reglamento los d\u00edas 29, 30 y 31 del corriente mes y realizar una nueva asamblea el d\u00eda viernes 1\u00ba de junio para resolver los pasos a seguir en caso de no tener una respuesta favorable.<\/div>\n<div style=\"text-align: justify;\"><\/div>\n<div style=\"text-align: justify;\">Recordamos que las medidas responden al reclamo de recomposici\u00f3n salarial, actualizaci\u00f3n de la grilla salarial, aprobaci\u00f3n de la estructura para el pase a planta permanente de los contratados y una carrera administrativa que contemple a todos los trabajadores. A esto se suma el reclamo por la quita del bonus\/gratificaci\u00f3n que se cobraba 3 veces al a\u00f1o.<\/div>\n","protected":false},"excerpt":{"rendered":"<p>Luego del paro de 24 hs. realizado hoy, la Comisi\u00f3n Nacional de Valores (CNV) trabajar\u00e1 a reglamento los d\u00edas 29,30 y 31 de mayo. En nombre y representaci\u00f3n de la Asociaci\u00f3n Trabajadores del Estado, Consejo Directivo Capital Federal, nos dirigimos a los medios de prensa y a la comunidad en general a fines de comunicar&hellip;<\/p>\n","protected":false},"author":1,"featured_media":0,"comment_status":"open","ping_status":"open","sticky":false,"template":"","format":"standard","meta":{"footnotes":""},"categories":[16],"tags":[1240,290,11465,11464,563,67,11466,11467],"class_list":["post-24139","post","type-post","status-publish","format-standard","hentry","category-gremiales","tag-asamblea","tag-ate","tag-cmv","tag-comision-nacional-de-valores","tag-medios","tag-paro","tag-trabajaodres","tag-trabajo-a-reglamento"],"_links":{"self":[{"href":"https:\/\/www.elsindical.com.ar\/notas\/wp-json\/wp\/v2\/posts\/24139","targetHints":{"allow":["GET"]}}],"collection":[{"href":"https:\/\/www.elsindical.com.ar\/notas\/wp-json\/wp\/v2\/posts"}],"about":[{"href":"https:\/\/www.elsindical.com.ar\/notas\/wp-json\/wp\/v2\/types\/post"}],"author":[{"embeddable":true,"href":"https:\/\/www.elsindical.com.ar\/notas\/wp-json\/wp\/v2\/users\/1"}],"replies":[{"embeddable":true,"href":"https:\/\/www.elsindical.com.ar\/notas\/wp-json\/wp\/v2\/comments?post=24139"}],"version-history":[{"count":2,"href":"https:\/\/www.elsindical.com.ar\/notas\/wp-json\/wp\/v2\/posts\/24139\/revisions"}],"predecessor-version":[{"id":24142,"href":"https:\/\/www.elsindical.com.ar\/notas\/wp-json\/wp\/v2\/posts\/24139\/revisions\/24142"}],"wp:attachment":[{"href":"https:\/\/www.elsindical.com.ar\/notas\/wp-json\/wp\/v2\/media?parent=24139"}],"wp:term":[{"taxonomy":"category","embeddable":true,"href":"https:\/\/www.elsindical.com.ar\/notas\/wp-json\/wp\/v2\/categories?post=24139"},{"taxonomy":"post_tag","embeddable":true,"href":"https:\/\/www.elsindical.com.ar\/notas\/wp-json\/wp\/v2\/tags?post=24139"}],"curies":[{"name":"wp","href":"https:\/\/api.w.org\/{rel}","templated":true}]}}