{"id":24136,"date":"2012-05-28T16:49:23","date_gmt":"2012-05-28T19:49:23","guid":{"rendered":"http:\/\/www.elsindical.com.ar\/notas\/?p=24136"},"modified":"2012-05-28T16:49:23","modified_gmt":"2012-05-28T19:49:23","slug":"floresmisterioso-asesinato-de-un-hombre-en-una-plaza","status":"publish","type":"post","link":"https:\/\/www.elsindical.com.ar\/notas\/floresmisterioso-asesinato-de-un-hombre-en-una-plaza\/","title":{"rendered":"Flores:Misterioso asesinato de un hombre en una plaza"},"content":{"rendered":"<p style=\"text-align: justify;\"><em>La <strong>v\u00edctima<\/strong> estaba <strong>sentada<\/strong> en un banco, cuando una persona se acerc\u00f3, lo ejecut\u00f3 con <strong>varios balazos<\/strong> y <strong>escap\u00f3<\/strong> en un auto. Todo se produjo ante la mirada at\u00f3nita de personas mayores, ni\u00f1os y a metros de un colegio.<\/em><\/p>\n<p style=\"text-align: justify;\"><a href=\"http:\/\/www.elsindical.com.ar\/notas\/var\/www\/html\/notas\/wp-content\/uploads\/2012\/05\/asesinato-Plaza-Misericordia.jpg\"><img loading=\"lazy\" decoding=\"async\" class=\"alignleft size-medium wp-image-24137\" title=\"asesinato-Plaza-Misericordia\" src=\"http:\/\/www.elsindical.com.ar\/notas\/var\/www\/html\/notas\/wp-content\/uploads\/2012\/05\/asesinato-Plaza-Misericordia-300x193.jpg\" alt=\"\" width=\"300\" height=\"193\" srcset=\"https:\/\/www.elsindical.com.ar\/notas\/var\/www\/html\/notas\/wp-content\/uploads\/2012\/05\/asesinato-Plaza-Misericordia-300x193.jpg 300w, https:\/\/www.elsindical.com.ar\/notas\/var\/www\/html\/notas\/wp-content\/uploads\/2012\/05\/asesinato-Plaza-Misericordia.jpg 443w\" sizes=\"auto, (max-width: 300px) 100vw, 300px\" \/><\/a>Un hombre fue asesinado esta tarde en una plaza del barrio porte\u00f1o de Flores. Y las autoridades investigan si fue un ajuste de cuentas, porque no hubo intento de robo.<\/p>\n<p style=\"text-align: justify;\">El hecho ocurri\u00f3 en la plaza Misericordia, ubicada en Francisco Bilbao y Camacu\u00e1, alrededor de las 15:00 hs.; en ese momento el asesino sorprendi\u00f3 a un honbre que estaba sentado en un banco y le realiz\u00f3 cinco disparos que acabaron con su vida.<\/p>\n<p style=\"text-align: justify;\">En estos momentos trabaja en el lugar la unidad criminal\u00edstica de la Polic\u00eda federal; el cuerpo permanece tirado y tapado en la plaza.<\/p>\n<p style=\"text-align: justify;\">El hecho gener\u00f3 una enorme conmoci\u00f3n entre los vecinos del barrio, que est\u00e1n preocupados porque todo ocurri\u00f3 a plena luz del d\u00eda y en una zona muy transitada.<\/p>\n","protected":false},"excerpt":{"rendered":"<p>La v\u00edctima estaba sentada en un banco, cuando una persona se acerc\u00f3, lo ejecut\u00f3 con varios balazos y escap\u00f3 en un auto. Todo se produjo ante la mirada at\u00f3nita de personas mayores, ni\u00f1os y a metros de un colegio. Un hombre fue asesinado esta tarde en una plaza del barrio porte\u00f1o de Flores. Y las&hellip;<\/p>\n","protected":false},"author":1,"featured_media":0,"comment_status":"open","ping_status":"open","sticky":false,"template":"","format":"standard","meta":{"footnotes":""},"categories":[22],"tags":[363,786,367,1514,1106,11463],"class_list":["post-24136","post","type-post","status-publish","format-standard","hentry","category-policiales","tag-asesinato","tag-balazos","tag-colegio","tag-flores","tag-plaza","tag-plaza-misericordia"],"_links":{"self":[{"href":"https:\/\/www.elsindical.com.ar\/notas\/wp-json\/wp\/v2\/posts\/24136","targetHints":{"allow":["GET"]}}],"collection":[{"href":"https:\/\/www.elsindical.com.ar\/notas\/wp-json\/wp\/v2\/posts"}],"about":[{"href":"https:\/\/www.elsindical.com.ar\/notas\/wp-json\/wp\/v2\/types\/post"}],"author":[{"embeddable":true,"href":"https:\/\/www.elsindical.com.ar\/notas\/wp-json\/wp\/v2\/users\/1"}],"replies":[{"embeddable":true,"href":"https:\/\/www.elsindical.com.ar\/notas\/wp-json\/wp\/v2\/comments?post=24136"}],"version-history":[{"count":1,"href":"https:\/\/www.elsindical.com.ar\/notas\/wp-json\/wp\/v2\/posts\/24136\/revisions"}],"predecessor-version":[{"id":24138,"href":"https:\/\/www.elsindical.com.ar\/notas\/wp-json\/wp\/v2\/posts\/24136\/revisions\/24138"}],"wp:attachment":[{"href":"https:\/\/www.elsindical.com.ar\/notas\/wp-json\/wp\/v2\/media?parent=24136"}],"wp:term":[{"taxonomy":"category","embeddable":true,"href":"https:\/\/www.elsindical.com.ar\/notas\/wp-json\/wp\/v2\/categories?post=24136"},{"taxonomy":"post_tag","embeddable":true,"href":"https:\/\/www.elsindical.com.ar\/notas\/wp-json\/wp\/v2\/tags?post=24136"}],"curies":[{"name":"wp","href":"https:\/\/api.w.org\/{rel}","templated":true}]}}