{"id":24120,"date":"2012-05-28T00:37:23","date_gmt":"2012-05-28T03:37:23","guid":{"rendered":"http:\/\/www.elsindical.com.ar\/notas\/?p=24120"},"modified":"2012-05-28T00:37:23","modified_gmt":"2012-05-28T03:37:23","slug":"siete-de-cada-diez-mujeres-con-hiv-contrajeron-el-virus-de-una-pareja-estable","status":"publish","type":"post","link":"https:\/\/www.elsindical.com.ar\/notas\/siete-de-cada-diez-mujeres-con-hiv-contrajeron-el-virus-de-una-pareja-estable\/","title":{"rendered":"Siete de cada diez mujeres con HIV contrajeron el virus de una pareja estable"},"content":{"rendered":"<p style=\"text-align: justify;\"><em><a href=\"http:\/\/www.elsindical.com.ar\/notas\/var\/www\/html\/notas\/wp-content\/uploads\/2010\/08\/sexo-en-pareja.jpg\"><img loading=\"lazy\" decoding=\"async\" class=\"alignleft size-full wp-image-8778\" title=\"sexo-en-pareja\" src=\"http:\/\/www.elsindical.com.ar\/notas\/var\/www\/html\/notas\/wp-content\/uploads\/2010\/08\/sexo-en-pareja.jpg\" alt=\"\" width=\"227\" height=\"203\" \/><\/a>Lo revel\u00f3 el \u00ab<strong>Estudio de Mujeres con Diagn\u00f3stico Reciente<\/strong>\u00bb realizado en colaboraci\u00f3n con la Direcci\u00f3n de Sida y ETS del Ministerio de Salud de la Naci\u00f3n. Adem\u00e1s, el <strong>92%<\/strong> se infect\u00f3 tras mantener <strong>relaciones sexuales sin protecci\u00f3n<\/strong> con un<strong> var\u00f3n<\/strong>.<\/em><\/p>\n<div style=\"text-align: justify;\">\n<p>Para la encuesta fueron entrevistadas 465 mujeres con diagn\u00f3stico reciente de VIH (despu\u00e9s del 1 de enero de 2009), residentes en ciudades medianas y grandes de la Argentina, entre mayo y julio de 2011. Adem\u00e1s se realiz\u00f3 una encuesta cualitativa a 31 mujeres con las mismas caracter\u00edsticas y a 12 de sus parejas varones.<\/p>\n<p>La mayor\u00eda de ellas (73%) asegur\u00f3 que manten\u00eda una relaci\u00f3n estable. Y al momento del diagn\u00f3stico, menos del 10% de las que estaban en pareja sab\u00edan que su compa\u00f1ero era seropositivo, por lo que para la mayor\u00eda se trat\u00f3 de un resultado inesperado.<\/p>\n<p>En relaci\u00f3n con el momento de la realizaci\u00f3n del test, el relevamiento tambi\u00e9n revel\u00f3 que un 27,4% se realiz\u00f3 el an\u00e1lisis porque alguna persona con la que hab\u00eda tenido relaciones sexuales viv\u00eda con VIH, mientras que un 25,2 % se lo realiz\u00f3 por preocupaci\u00f3n individual, luego de haber tenido relaciones sexuales sin preservativo.<\/p>\n<p>Asimismo, el 26,7% de las mujeres se realiz\u00f3 el an\u00e1lisis de VIH que result\u00f3 positivo en un control prenatal y\/o en el parto. Y un 13% se hizo el test en el contexto de una cirug\u00eda o por estar internadas en un hospital o sanatorio.<\/p>\n<p>Los datos tambi\u00e9n dan cuenta que el 57,1% de las mujeres no recibi\u00f3 consejer\u00eda pre-test y un 37,4% no recibi\u00f3 la consejer\u00eda posterior.<\/p>\n<p>En cuanto a c\u00f3mo recibieron la noticia, la encuesta revel\u00f3 que varias entrevistadas no supieron el diagn\u00f3stico en forma directa, sino que el resultado fue comunicado primero a familiares (madres, hermanas) o a la pareja, con lo cual se viol\u00f3 su derecho a la confidencialidad.<\/p>\n<p>La investigaci\u00f3n tambi\u00e9n demostr\u00f3 que el uso del preservativo no es ni consistente ni extendido entre las mujeres viviendo con VIH, aun cuando se sabe que su utlizaci\u00f3n es esencial en la prevenci\u00f3n de la transmisi\u00f3n y las re-infecciones.<\/p>\n<p>En relaci\u00f3n con lo que las mujeres con VIH cuentan a su entorno, la encuesta revel\u00f3 que la mayor\u00eda ha podido compartir su estatus con al menos una persona, aunque el miedo a ser discriminadas se present\u00f3 como una barrera.<\/p>\n<p>Aun as\u00ed, en la mayor\u00eda de los casos el entorno acompa\u00f1\u00f3 la situaci\u00f3n y muchos v\u00ednculos se han visto fortalecidos o recuperados luego del diagn\u00f3stico\u00bb, revela el informe.<\/p>\n<p>Otro dato relevante del estudio da cuenta de que casi la mitad de las mujeres (46,9%) fue alguna vez v\u00edctima de violencia por parte de una pareja.<\/p>\n<p>Estos resultados surgen del \u00abEstudio de Mujeres con Diagn\u00f3stico Reciente\u00bb, realizado por la Red Bonaerense de Personas viviendo con VIH\/sida, la Red Argentina de Mujeres viviendo con VIH\/sida, el Instituto Gino Germani (UBA), Centro de Estudios de Poblaci\u00f3n, ONUSIDA, UNFPA, OPS\/OMS, ONU-Mujeres, el Programa Nacional de Salud Sexual y Procreaci\u00f3n Responsable y la Direcci\u00f3n de Sida y ETS del Ministerio de Salud de la Naci\u00f3n.<\/p>\n<\/div>\n","protected":false},"excerpt":{"rendered":"<p>Lo revel\u00f3 el \u00abEstudio de Mujeres con Diagn\u00f3stico Reciente\u00bb realizado en colaboraci\u00f3n con la Direcci\u00f3n de Sida y ETS del Ministerio de Salud de la Naci\u00f3n. Adem\u00e1s, el 92% se infect\u00f3 tras mantener relaciones sexuales sin protecci\u00f3n con un var\u00f3n. Para la encuesta fueron entrevistadas 465 mujeres con diagn\u00f3stico reciente de VIH (despu\u00e9s del 1&hellip;<\/p>\n","protected":false},"author":1,"featured_media":0,"comment_status":"open","ping_status":"open","sticky":false,"template":"","format":"standard","meta":{"footnotes":""},"categories":[23],"tags":[1642,11454,1603,59,240,11453,6150,241,1087,1088],"class_list":["post-24120","post","type-post","status-publish","format-standard","hentry","category-salud","tag-contagio","tag-ets","tag-ministerio-de-salud","tag-mujeres","tag-pareja","tag-pareja-estable","tag-preservativo","tag-sexo","tag-sida","tag-vih"],"_links":{"self":[{"href":"https:\/\/www.elsindical.com.ar\/notas\/wp-json\/wp\/v2\/posts\/24120","targetHints":{"allow":["GET"]}}],"collection":[{"href":"https:\/\/www.elsindical.com.ar\/notas\/wp-json\/wp\/v2\/posts"}],"about":[{"href":"https:\/\/www.elsindical.com.ar\/notas\/wp-json\/wp\/v2\/types\/post"}],"author":[{"embeddable":true,"href":"https:\/\/www.elsindical.com.ar\/notas\/wp-json\/wp\/v2\/users\/1"}],"replies":[{"embeddable":true,"href":"https:\/\/www.elsindical.com.ar\/notas\/wp-json\/wp\/v2\/comments?post=24120"}],"version-history":[{"count":2,"href":"https:\/\/www.elsindical.com.ar\/notas\/wp-json\/wp\/v2\/posts\/24120\/revisions"}],"predecessor-version":[{"id":24122,"href":"https:\/\/www.elsindical.com.ar\/notas\/wp-json\/wp\/v2\/posts\/24120\/revisions\/24122"}],"wp:attachment":[{"href":"https:\/\/www.elsindical.com.ar\/notas\/wp-json\/wp\/v2\/media?parent=24120"}],"wp:term":[{"taxonomy":"category","embeddable":true,"href":"https:\/\/www.elsindical.com.ar\/notas\/wp-json\/wp\/v2\/categories?post=24120"},{"taxonomy":"post_tag","embeddable":true,"href":"https:\/\/www.elsindical.com.ar\/notas\/wp-json\/wp\/v2\/tags?post=24120"}],"curies":[{"name":"wp","href":"https:\/\/api.w.org\/{rel}","templated":true}]}}