{"id":23986,"date":"2012-05-22T11:09:15","date_gmt":"2012-05-22T14:09:15","guid":{"rendered":"http:\/\/www.elsindical.com.ar\/notas\/?p=23986"},"modified":"2012-05-22T11:09:15","modified_gmt":"2012-05-22T14:09:15","slug":"operativo-de-la-afip-en-galeria-jardin-secuestran-productos","status":"publish","type":"post","link":"https:\/\/www.elsindical.com.ar\/notas\/operativo-de-la-afip-en-galeria-jardin-secuestran-productos\/","title":{"rendered":"Operativo de la AFIP en Galer\u00eda Jard\u00edn, secuestran productos"},"content":{"rendered":"<p style=\"text-align: justify;\"><em><a href=\"http:\/\/www.elsindical.com.ar\/notas\/var\/www\/html\/notas\/wp-content\/uploads\/2012\/05\/equipos-secuestrados-AFIP.jpg\"><img loading=\"lazy\" decoding=\"async\" class=\"alignleft size-medium wp-image-23987\" title=\"equipos-secuestrados-AFIP\" src=\"http:\/\/www.elsindical.com.ar\/notas\/var\/www\/html\/notas\/wp-content\/uploads\/2012\/05\/equipos-secuestrados-AFIP-300x225.jpg\" alt=\"\" width=\"300\" height=\"225\" srcset=\"https:\/\/www.elsindical.com.ar\/notas\/var\/www\/html\/notas\/wp-content\/uploads\/2012\/05\/equipos-secuestrados-AFIP-300x225.jpg 300w, https:\/\/www.elsindical.com.ar\/notas\/var\/www\/html\/notas\/wp-content\/uploads\/2012\/05\/equipos-secuestrados-AFIP.jpg 413w\" sizes=\"auto, (max-width: 300px) 100vw, 300px\" \/><\/a>La AFIP realiz\u00f3 una serie de <strong>allanamientos en 22 locales<\/strong>, donde incaut\u00f3 consolas de juegos, cartuchos de PS3, GPS, c\u00e1maras fotogr\u00e1ficas, iPad, celulares, MP3, MP4, MP5, y notebooks. En la mayor\u00eda de los casos <strong>se trata de mercader\u00eda que infring\u00eda el C\u00f3digo Aduanero<\/strong>.<\/em><\/p>\n<div style=\"text-align: justify;\">\n<p>Los productos incautados fueron ingresados al pa\u00eds en forma ilegal, sin intervenci\u00f3n aduanera y sin el aval de seguridad el\u00e9ctrica, y de acuerdo a <strong>las estimaciones oficiales ten\u00edan un monto total que ascend\u00eda a los 237.516 pesos.<\/strong><\/p>\n<p>En total, la Administraci\u00f3n Federal de Ingresos P\u00fablicos (AFIP) secuestr\u00f3 500 bienes en un operativo en la Galer\u00eda Jard\u00edn, donde se inspeccionaron 22 locales que no cumpl\u00edan con el C\u00f3digo Aduanero que rige en el pa\u00eds.<\/p>\n<p>Entre la mercader\u00eda secuestrada hay <strong>consolas de juegos, juegos PS3, GPS, c\u00e1maras fotogr\u00e1ficas, iPad, celulares, MP3, MP4, MP5, teclados, mouses, notebooks, routers y otros art\u00edculos del tipo accesorios para PC.<\/strong><\/p>\n<p>Los comerciantes no pudieron entregar a la AFIP la documentaci\u00f3n habilitante de la importaci\u00f3n de los productos que ofrec\u00edan a la venta, lo que representa un delito flagrante a la ley vigente, por eso se les incautaron los productos.<\/p>\n<p>Adem\u00e1s la mercader\u00eda no contaba con los controles de seguridad el\u00e9ctrica que deben lograr para ser comercializados en todo el territorio nacional.<\/p>\n<p>El C\u00f3digo Aduanero prev\u00e9 para estas infracciones la confiscaci\u00f3n de la mercader\u00eda y<strong> una multa de 1 a 5 veces de su valor en plaza.<\/strong><\/p>\n<\/div>\n","protected":false},"excerpt":{"rendered":"<p>La AFIP realiz\u00f3 una serie de allanamientos en 22 locales, donde incaut\u00f3 consolas de juegos, cartuchos de PS3, GPS, c\u00e1maras fotogr\u00e1ficas, iPad, celulares, MP3, MP4, MP5, y notebooks. En la mayor\u00eda de los casos se trata de mercader\u00eda que infring\u00eda el C\u00f3digo Aduanero. Los productos incautados fueron ingresados al pa\u00eds en forma ilegal, sin intervenci\u00f3n&hellip;<\/p>\n","protected":false},"author":1,"featured_media":0,"comment_status":"open","ping_status":"open","sticky":false,"template":"","format":"standard","meta":{"footnotes":""},"categories":[25],"tags":[2019,69,493,11412,1502,7812,6114,503],"class_list":["post-23986","post","type-post","status-publish","format-standard","hentry","category-sociedad","tag-aduana","tag-afip","tag-allanamientos","tag-codigo-aduanero","tag-equipos","tag-galeria-jardin","tag-productos","tag-secuestro"],"_links":{"self":[{"href":"https:\/\/www.elsindical.com.ar\/notas\/wp-json\/wp\/v2\/posts\/23986","targetHints":{"allow":["GET"]}}],"collection":[{"href":"https:\/\/www.elsindical.com.ar\/notas\/wp-json\/wp\/v2\/posts"}],"about":[{"href":"https:\/\/www.elsindical.com.ar\/notas\/wp-json\/wp\/v2\/types\/post"}],"author":[{"embeddable":true,"href":"https:\/\/www.elsindical.com.ar\/notas\/wp-json\/wp\/v2\/users\/1"}],"replies":[{"embeddable":true,"href":"https:\/\/www.elsindical.com.ar\/notas\/wp-json\/wp\/v2\/comments?post=23986"}],"version-history":[{"count":2,"href":"https:\/\/www.elsindical.com.ar\/notas\/wp-json\/wp\/v2\/posts\/23986\/revisions"}],"predecessor-version":[{"id":23989,"href":"https:\/\/www.elsindical.com.ar\/notas\/wp-json\/wp\/v2\/posts\/23986\/revisions\/23989"}],"wp:attachment":[{"href":"https:\/\/www.elsindical.com.ar\/notas\/wp-json\/wp\/v2\/media?parent=23986"}],"wp:term":[{"taxonomy":"category","embeddable":true,"href":"https:\/\/www.elsindical.com.ar\/notas\/wp-json\/wp\/v2\/categories?post=23986"},{"taxonomy":"post_tag","embeddable":true,"href":"https:\/\/www.elsindical.com.ar\/notas\/wp-json\/wp\/v2\/tags?post=23986"}],"curies":[{"name":"wp","href":"https:\/\/api.w.org\/{rel}","templated":true}]}}