{"id":23941,"date":"2012-05-21T00:40:04","date_gmt":"2012-05-21T03:40:04","guid":{"rendered":"http:\/\/www.elsindical.com.ar\/notas\/?p=23941"},"modified":"2012-05-21T00:40:04","modified_gmt":"2012-05-21T03:40:04","slug":"la-metropolitana-rescato-a-25-esclavizados-en-talleres-textiles-clandestinos","status":"publish","type":"post","link":"https:\/\/www.elsindical.com.ar\/notas\/la-metropolitana-rescato-a-25-esclavizados-en-talleres-textiles-clandestinos\/","title":{"rendered":"La Metropolitana rescat\u00f3 a 25 esclavizados en talleres textiles clandestinos"},"content":{"rendered":"<p style=\"text-align: justify;\"><em><a href=\"http:\/\/www.elsindical.com.ar\/notas\/var\/www\/html\/notas\/wp-content\/uploads\/2011\/10\/taller-clandestino.jpg\"><img loading=\"lazy\" decoding=\"async\" class=\"alignleft size-medium wp-image-18030\" title=\"taller-clandestino\" src=\"http:\/\/www.elsindical.com.ar\/notas\/var\/www\/html\/notas\/wp-content\/uploads\/2011\/10\/taller-clandestino-300x225.jpg\" alt=\"\" width=\"300\" height=\"225\" srcset=\"https:\/\/www.elsindical.com.ar\/notas\/var\/www\/html\/notas\/wp-content\/uploads\/2011\/10\/taller-clandestino-300x225.jpg 300w, https:\/\/www.elsindical.com.ar\/notas\/var\/www\/html\/notas\/wp-content\/uploads\/2011\/10\/taller-clandestino.jpg 413w\" sizes=\"auto, (max-width: 300px) 100vw, 300px\" \/><\/a>La Polic\u00eda porte\u00f1a los encontr\u00f3 en <strong>cinco f\u00e1bricas<\/strong> que fueron allanadas en forma simult\u00e1nea. Tambi\u00e9n encontraron armas, y drogas. Hay cinco detenidos.<\/em><\/p>\n<div style=\"text-align: justify;\">\n<p>Los procedimientos estuvieron a cargo de la divisi\u00f3n de Delitos y Sumarios de la Polic\u00eda Metropolitana, y se realizaron en viviendas de los barrios de Villa Lugano y Villa 20, del sur de la Ciudad de Buenos Aires.<\/p>\n<p>La investigaci\u00f3n surgi\u00f3 a partir de la muerte por tuberculosis, el 17 de noviembre en el hospital \u00abV\u00e9lez Sarsfield\u00bb, de una trabajadora de nacionalidad boliviana.<\/p>\n<p>Seg\u00fan los m\u00e9dicos, la mujer ingres\u00f3 con \u00abs\u00edndrome de impregnaci\u00f3n (fase final de enfermedad terminal), con fiebre desde hace un a\u00f1o, sudoraci\u00f3n nocturna, bajo sodio, bajo peso (20 kilogramos menos de lo que deber\u00eda) y anemia\u00bb.<\/p>\n<p>El padre de la mujer fallecida dio los primeros indicios del lugar donde la ten\u00edan cautiva, con fines de explotaci\u00f3n laboral.<\/p>\n<p>A trav\u00e9s de operativos de vigilancia, seguimientos y filmaciones se observ\u00f3 a una camioneta Mercedes Benz Sprinter y una Hyundai en un recorrido repartiendo bultos con telas, recortes y prendas, por las casas que ser\u00edan luego allanadas. Y as\u00ed tambi\u00e9n se pudo identificar a dos presuntos due\u00f1os, ambos bolivianos.<\/p>\n<p>El informe policial afirm\u00f3 que \u00abse logr\u00f3 demostrar que las v\u00edctimas esclavizadas viv\u00edan en una constante situaci\u00f3n de hacinamiento, sin acceso a la higiene b\u00e1sica, p\u00e9simas condiciones de salubridad, falta de descanso adecuado\u00bb.<\/p>\n<p>Tambi\u00e9n mencion\u00f3 \u00abrestricciones a la libertad ambulatoria, al punto tal que dentro de unos talleres funcionaba una especie de kiosco improvisado, que era regenteado por los propios empleadores, donde le vend\u00edan todo tipo de golosinas a los empleados, como as\u00ed tambi\u00e9n el cobro de la comida que estos consum\u00edan\u00bb.<\/p>\n<p>En la causa interviene el Juzgado Nacional en lo Correccional y Federal 3, a cargo de Daniel Rafecas, ante el secretario Sebasti\u00e1n Ramos.<\/p>\n<\/div>\n","protected":false},"excerpt":{"rendered":"<p>La Polic\u00eda porte\u00f1a los encontr\u00f3 en cinco f\u00e1bricas que fueron allanadas en forma simult\u00e1nea. Tambi\u00e9n encontraron armas, y drogas. Hay cinco detenidos. Los procedimientos estuvieron a cargo de la divisi\u00f3n de Delitos y Sumarios de la Polic\u00eda Metropolitana, y se realizaron en viviendas de los barrios de Villa Lugano y Villa 20, del sur de&hellip;<\/p>\n","protected":false},"author":1,"featured_media":0,"comment_status":"open","ping_status":"open","sticky":false,"template":"","format":"standard","meta":{"footnotes":""},"categories":[22],"tags":[493,5739,8627,11395,11394,30,2296],"class_list":["post-23941","post","type-post","status-publish","format-standard","hentry","category-policiales","tag-allanamientos","tag-esclavos","tag-juez-federal-daniel-rafecas","tag-juzgado-federal-nacional-no-3","tag-la-metropolitana","tag-policia","tag-talleres-clandestinos"],"_links":{"self":[{"href":"https:\/\/www.elsindical.com.ar\/notas\/wp-json\/wp\/v2\/posts\/23941","targetHints":{"allow":["GET"]}}],"collection":[{"href":"https:\/\/www.elsindical.com.ar\/notas\/wp-json\/wp\/v2\/posts"}],"about":[{"href":"https:\/\/www.elsindical.com.ar\/notas\/wp-json\/wp\/v2\/types\/post"}],"author":[{"embeddable":true,"href":"https:\/\/www.elsindical.com.ar\/notas\/wp-json\/wp\/v2\/users\/1"}],"replies":[{"embeddable":true,"href":"https:\/\/www.elsindical.com.ar\/notas\/wp-json\/wp\/v2\/comments?post=23941"}],"version-history":[{"count":2,"href":"https:\/\/www.elsindical.com.ar\/notas\/wp-json\/wp\/v2\/posts\/23941\/revisions"}],"predecessor-version":[{"id":23943,"href":"https:\/\/www.elsindical.com.ar\/notas\/wp-json\/wp\/v2\/posts\/23941\/revisions\/23943"}],"wp:attachment":[{"href":"https:\/\/www.elsindical.com.ar\/notas\/wp-json\/wp\/v2\/media?parent=23941"}],"wp:term":[{"taxonomy":"category","embeddable":true,"href":"https:\/\/www.elsindical.com.ar\/notas\/wp-json\/wp\/v2\/categories?post=23941"},{"taxonomy":"post_tag","embeddable":true,"href":"https:\/\/www.elsindical.com.ar\/notas\/wp-json\/wp\/v2\/tags?post=23941"}],"curies":[{"name":"wp","href":"https:\/\/api.w.org\/{rel}","templated":true}]}}