{"id":23938,"date":"2012-05-21T00:27:03","date_gmt":"2012-05-21T03:27:03","guid":{"rendered":"http:\/\/www.elsindical.com.ar\/notas\/?p=23938"},"modified":"2012-05-21T00:27:03","modified_gmt":"2012-05-21T03:27:03","slug":"efemeridesdel-dia-21-de-mayo-2","status":"publish","type":"post","link":"https:\/\/www.elsindical.com.ar\/notas\/efemeridesdel-dia-21-de-mayo-2\/","title":{"rendered":"EFEM\u00c9RIDES:DEL D\u00cdA 21 DE MAYO"},"content":{"rendered":"<p style=\"text-align: justify;\"><a href=\"http:\/\/www.elsindical.com.ar\/notas\/var\/www\/html\/notas\/wp-content\/uploads\/2012\/05\/Logo-FIFA.jpg\"><img loading=\"lazy\" decoding=\"async\" class=\"alignleft size-medium wp-image-23939\" title=\"Logo-FIFA\" src=\"http:\/\/www.elsindical.com.ar\/notas\/var\/www\/html\/notas\/wp-content\/uploads\/2012\/05\/Logo-FIFA-300x261.jpg\" alt=\"\" width=\"300\" height=\"261\" srcset=\"https:\/\/www.elsindical.com.ar\/notas\/var\/www\/html\/notas\/wp-content\/uploads\/2012\/05\/Logo-FIFA-300x261.jpg 300w, https:\/\/www.elsindical.com.ar\/notas\/var\/www\/html\/notas\/wp-content\/uploads\/2012\/05\/Logo-FIFA.jpg 325w\" sizes=\"auto, (max-width: 300px) 100vw, 300px\" \/><\/a>En un 21 de mayo como hoy, pero de 1911, hace 100 a\u00f1os, el presidente mexicano, Porfirio D\u00edaz, pacta con los revolucionarios triunfantes tras el levantamiento del 20 de noviembre anterior y abandona el pa\u00eds.<\/p>\n<p style=\"text-align: justify;\">1471- Nace Alberto Durero, pintor y grabador alem\u00e1n.<\/p>\n<p style=\"text-align: justify;\">1527- Nace Felipe II, rey de Espa\u00f1a y de las Indias.<\/p>\n<p style=\"text-align: justify;\">1565- Nace Juan de Oviedo, escultor y arquitecto espa\u00f1ol.<\/p>\n<p style=\"text-align: justify;\">1639- Fallece Tomasso Campanella, escritor y pensador italiano.<\/p>\n<p style=\"text-align: justify;\">1813- La Asamblea General Argentina suprime todos los t\u00edtulos nobiliarios en el territorio de las Provincias Unidas del R\u00edo de la Plata.<\/p>\n<p style=\"text-align: justify;\">&#8211; Napole\u00f3n derrota a prusianos y rusos en la batalla de Bautzen (Sajonia).<\/p>\n<p style=\"text-align: justify;\">1822- El Congreso de M\u00e9xico proclama emperador del pa\u00eds a Agust\u00edn de Iturbide, que hab\u00eda dado un golpe de Estado.<\/p>\n<p style=\"text-align: justify;\">1831- Daguerre comunica a su socio Niepce el casual descubrimiento de la impresionabilidad del yoduro de plata por la luz, base de la fotograf\u00eda.<\/p>\n<p style=\"text-align: justify;\">1851- Queda definitivamente abolida la esclavitud en Colombia, siendo presidente de la Rep\u00fablica el general Jos\u00e9 Hilario L\u00f3pez.<\/p>\n<p style=\"text-align: justify;\">1853- Se promulga en Colombia la Constituci\u00f3n de 1853 durante la presidencia de Jos\u00e9 Mar\u00eda Obando.<\/p>\n<p style=\"text-align: justify;\">1858- Fallece Jos\u00e9 Mariano de la Riva Ag\u00fcero, pol\u00edtico peruano.<\/p>\n<p style=\"text-align: justify;\">1876- Ingreso en la Real Academia Espa\u00f1ola del escritor Gaspar N\u00fa\u00f1ez de Arce.<\/p>\n<p style=\"text-align: justify;\">1879- Durante la guerra del Pac\u00edfico, de Per\u00fa y Bolivia contra Chile, este \u00faltimo pa\u00eds vence en la batalla naval de Iquique y bloquea la costa peruana, ocupando parte de ella.<\/p>\n<p style=\"text-align: justify;\">1895- Nace L\u00e1zaro C\u00e1rdenas, pol\u00edtico y militar mexicano.<\/p>\n<p style=\"text-align: justify;\">1900- Aprovech\u00e1ndose de la guerra de los boxers, Rusia se anexiona Manchuria a costa de China.<\/p>\n<p style=\"text-align: justify;\">1904- Fundaci\u00f3n de la Federaci\u00f3n Internacional de las Asociaciones de F\u00fatbol (FIFA).<\/p>\n<p style=\"text-align: justify;\">1916- Ram\u00f3n Men\u00e9ndez Pidal toma posesi\u00f3n de su sill\u00f3n en la Real Academia de la Historia.<\/p>\n<p style=\"text-align: justify;\">1919- La C\u00e1mara de Representantes estadounidense autoriza el voto femenino.<\/p>\n<p style=\"text-align: justify;\">1921- Nace Andr\u00e9i Saj\u00e1rov, cient\u00edfico ruso y Premio Nobel de la Paz en 1975.<\/p>\n<p style=\"text-align: justify;\">1925- El explorador noruego Roald Amundsen parte hacia el Polo Norte.<\/p>\n<p style=\"text-align: justify;\">1927- El aviador estadounidense Charles Lindbergh llega a Par\u00eds desde Nueva York, con el \u00abSpirit of St Louis\u00bb, tras recorrer 5.860 Kms en 33 horas y 27 minutos, en la primera traves\u00eda sin escalas del Atl\u00e1ntico.<\/p>\n<p style=\"text-align: justify;\">1946- Fallece Eduardo Trong\u00e9, autor dram\u00e1tico argentino.<\/p>\n<p style=\"text-align: justify;\">1949- Guerra civil china: los comunistas sitian Shangh\u00e1i por tierra, mar y aire.<\/p>\n<p style=\"text-align: justify;\">1950- Un terremoto destruye la mayor parte de la ciudad peruana de Cuzco y causa la muerte de un centenar de personas.<\/p>\n<p style=\"text-align: justify;\">&#8211; Ismet Inonu termina su mandato en Turqu\u00eda y Celai Bayar es elegido presidente.<\/p>\n<p style=\"text-align: justify;\">1951- Las tropas de la ONU repelen en Corea a los comunistas, al norte del paralelo 38.<\/p>\n<p style=\"text-align: justify;\">1965- El presidente colombiano, Le\u00f3n Valencia, establece el Estado de Sitio.<\/p>\n<p style=\"text-align: justify;\">1968- Diez millones de franceses en huelga. Los enfrentamientos entre estudiantes y polic\u00edas son diarios.<\/p>\n<p style=\"text-align: justify;\">1969- La nave espacial estadounidense \u00abApolo X\u00bb se acerca a 15 kil\u00f3metros de la Luna. Dos de sus tres tripulantes salieron del m\u00f3dulo lunar. &#8211; Condenado a muerte el asesino de Robert Kennedy, Sirhan Sirhan.<\/p>\n<p style=\"text-align: justify;\">1972- El dramaturgo Antonio Buero Vallejo ingresa en la Real Academia Espa\u00f1ola de la Lengua.<\/p>\n<p style=\"text-align: justify;\">1975- Comienza en Stuttgart el proceso contra la banda Baader-Meinhof, autodenominada \u00abFracci\u00f3n del Ej\u00e9rcito Rojo\u00bb.<\/p>\n<p style=\"text-align: justify;\">1984- Liberado en Paraguay Escol\u00e1stico Ovando, el preso pol\u00edtico m\u00e1s antiguo de Am\u00e9rica, tras 21 a\u00f1os de c\u00e1rcel.<\/p>\n<p style=\"text-align: justify;\">1987- Un incendio incontrolable arrasa el norte de Guatemala.<\/p>\n<p style=\"text-align: justify;\">1991- Muere en atentado Rajiv Gandhi, ex primer ministro de India, junto a 18 personas m\u00e1s, cuando iba a dar un mitin en la ciudad de Sriperumbudur, a 40 kil\u00f3metros al suroeste de Madr\u00e1s.<\/p>\n<p style=\"text-align: justify;\">1998- Dimite el general Suharto, presidente de Indonesia, en medio de una grave crisis y despu\u00e9s de 32 a\u00f1os en el poder.<\/p>\n<p style=\"text-align: justify;\">2001- Espa\u00f1a y Colombia firman un acuerdo que regula el flujo migratorio laboral desde el pa\u00eds iberoamericano.<\/p>\n<p style=\"text-align: justify;\">&#8211; EEUU y la Autoridad Nacional Palestina asumen las conclusiones de la Comisi\u00f3n Mitchell, mientras Israel acepta el plan pero rechaza el cese de los asentamientos jud\u00edos.<\/p>\n<p style=\"text-align: justify;\">2004- El \u00faltimo contingente de 600 soldados espa\u00f1oles abandona la base iraqu\u00ed de Diwaniya, con lo que Espa\u00f1a completa su retira total de Iraq.<\/p>\n<p style=\"text-align: justify;\">2006- El 56,34% de los ciudadanos de Montenegro vota a favor de la independencia de su rep\u00fablica, que se separa de Serbia.<\/p>\n<p style=\"text-align: justify;\">2007- Un incendio, que se declar\u00f3 por causas desconocidas, destruye el hist\u00f3rico velero brit\u00e1nico \u00abCutty Sark\u00bb.<\/p>\n<p style=\"text-align: justify;\">2010- La Audiencia Nacional condena a 1.040 a\u00f1os a los tres etarras que causaron la muerte de dos ciudadanos ecuatorianos en el atentado contra la Terminal 4 del Aeropuerto de Madrid Barajas, el 30 de diciembre 2006.<\/p>\n","protected":false},"excerpt":{"rendered":"<p>En un 21 de mayo como hoy, pero de 1911, hace 100 a\u00f1os, el presidente mexicano, Porfirio D\u00edaz, pacta con los revolucionarios triunfantes tras el levantamiento del 20 de noviembre anterior y abandona el pa\u00eds. 1471- Nace Alberto Durero, pintor y grabador alem\u00e1n. 1527- Nace Felipe II, rey de Espa\u00f1a y de las Indias. 1565-&hellip;<\/p>\n","protected":false},"author":1,"featured_media":0,"comment_status":"open","ping_status":"open","sticky":false,"template":"","format":"standard","meta":{"footnotes":""},"categories":[14],"tags":[],"class_list":["post-23938","post","type-post","status-publish","format-standard","hentry","category-efemerides"],"_links":{"self":[{"href":"https:\/\/www.elsindical.com.ar\/notas\/wp-json\/wp\/v2\/posts\/23938","targetHints":{"allow":["GET"]}}],"collection":[{"href":"https:\/\/www.elsindical.com.ar\/notas\/wp-json\/wp\/v2\/posts"}],"about":[{"href":"https:\/\/www.elsindical.com.ar\/notas\/wp-json\/wp\/v2\/types\/post"}],"author":[{"embeddable":true,"href":"https:\/\/www.elsindical.com.ar\/notas\/wp-json\/wp\/v2\/users\/1"}],"replies":[{"embeddable":true,"href":"https:\/\/www.elsindical.com.ar\/notas\/wp-json\/wp\/v2\/comments?post=23938"}],"version-history":[{"count":1,"href":"https:\/\/www.elsindical.com.ar\/notas\/wp-json\/wp\/v2\/posts\/23938\/revisions"}],"predecessor-version":[{"id":23940,"href":"https:\/\/www.elsindical.com.ar\/notas\/wp-json\/wp\/v2\/posts\/23938\/revisions\/23940"}],"wp:attachment":[{"href":"https:\/\/www.elsindical.com.ar\/notas\/wp-json\/wp\/v2\/media?parent=23938"}],"wp:term":[{"taxonomy":"category","embeddable":true,"href":"https:\/\/www.elsindical.com.ar\/notas\/wp-json\/wp\/v2\/categories?post=23938"},{"taxonomy":"post_tag","embeddable":true,"href":"https:\/\/www.elsindical.com.ar\/notas\/wp-json\/wp\/v2\/tags?post=23938"}],"curies":[{"name":"wp","href":"https:\/\/api.w.org\/{rel}","templated":true}]}}