{"id":23932,"date":"2012-05-19T22:39:04","date_gmt":"2012-05-20T01:39:04","guid":{"rendered":"http:\/\/www.elsindical.com.ar\/notas\/?p=23932"},"modified":"2012-05-19T22:39:04","modified_gmt":"2012-05-20T01:39:04","slug":"glewasesinaron-a-un-ex-juez-de-menores","status":"publish","type":"post","link":"https:\/\/www.elsindical.com.ar\/notas\/glewasesinaron-a-un-ex-juez-de-menores\/","title":{"rendered":"Glew:Asesinaron a un ex juez de menores"},"content":{"rendered":"<p style=\"text-align: justify;\"><em><a href=\"http:\/\/www.elsindical.com.ar\/notas\/var\/www\/html\/notas\/wp-content\/uploads\/2012\/05\/Ra\u00fal-Abel-Donad\u00edo.jpg\"><img loading=\"lazy\" decoding=\"async\" class=\"alignleft size-medium wp-image-23933\" title=\"Ra\u00fal-Abel-Donad\u00edo\" src=\"http:\/\/www.elsindical.com.ar\/notas\/var\/www\/html\/notas\/wp-content\/uploads\/2012\/05\/Ra\u00fal-Abel-Donad\u00edo-300x205.jpg\" alt=\"\" width=\"300\" height=\"205\" srcset=\"https:\/\/www.elsindical.com.ar\/notas\/var\/www\/html\/notas\/wp-content\/uploads\/2012\/05\/Ra\u00fal-Abel-Donad\u00edo-300x205.jpg 300w, https:\/\/www.elsindical.com.ar\/notas\/var\/www\/html\/notas\/wp-content\/uploads\/2012\/05\/Ra\u00fal-Abel-Donad\u00edo.jpg 443w\" sizes=\"auto, (max-width: 300px) 100vw, 300px\" \/><\/a>El ya jubilado juez de Menores N\u00ba 1 de Lomas de Zamora, Ra\u00fal Abel Donad\u00edo, fue asesinado en un intento de asalto en su casa de fin de semana en la localidad bonaerense de Glew.\u00a0<\/em><\/p>\n<div style=\"text-align: justify;\">El ex juez de menores de Lomas de Zamora, Ra\u00fal Abel Donad\u00edo, fue asesinado de un balazo en el pecho durante un asalto en una casaquinta de la localidad bonaerense de Glew, en el partido de Almirante Brown, informaron fuentes policiales.<\/div>\n<div style=\"text-align: justify;\"><\/div>\n<div style=\"text-align: justify;\">El hecho ocurri\u00f3 alrededor de las 18 en una propiedad ubicada en Cambaceres y Lamberti cuando el ex magistrado, que se jubil\u00f3 hace alrededor de un a\u00f1o, se encontraba con los preparativos para festejar el cumplea\u00f1os de su hijo.<\/div>\n<div style=\"text-align: justify;\"><\/div>\n<div style=\"text-align: justify;\">Seg\u00fan relat\u00f3 a T\u00e9lam un vocero, dos delincuentes ingresaron por los fondos de la casa, robaron una play station y cuando estaban saliendo se encontraron con Donad\u00edo, le pegaron un balazo en el pecho y huyeron.<\/div>\n<div style=\"text-align: justify;\"><\/div>\n<div style=\"text-align: justify;\">Pero, seg\u00fan inform\u00f3 C5N, se produjo un tiroteo dentro de la vivienda cuando lleg\u00f3 a la Polic\u00eda. Sin embargo, los delincuentes lograron darse a la fuga y son intensamente buscados por las autoridades.<\/div>\n<div style=\"text-align: justify;\"><\/div>\n<div style=\"text-align: justify;\">El ministro de Seguridad y Justicia bonaerense, Ricardo Casal, adelant\u00f3 que ya tienen identificado el auto en el que los delincuentes se movilizaron, basados en el testimonio de los testigos del hecho.<\/div>\n<div style=\"text-align: justify;\"><\/div>\n<div style=\"text-align: justify;\">Los familiares dieron aviso al servicio de emergencias 911, pero un vecino decidi\u00f3 trasladar a Donad\u00edo en un rem\u00eds a una cl\u00ednica de la zona, aunque falleci\u00f3 porque su estado era \u00abcr\u00edtico\u00bb.<\/div>\n<div style=\"text-align: justify;\"><\/div>\n<div style=\"text-align: justify;\">\u00abEra el cumplea\u00f1os del hijo y se escuch\u00f3 un tiro. Yo sal\u00ed a ver qu\u00e9 era porque justo mi hija se iba y en eso veo cuando todos salen corriendo y lo llevan en un rem\u00eds a \u00e9l\u00bb, cont\u00f3 al canal C5N una vecina que se identific\u00f3 como Mary.<\/div>\n<div style=\"text-align: justify;\"><\/div>\n<div style=\"text-align: justify;\">La mujer dijo estar \u00abmuy triste porque hace 30 a\u00f1os que conoc\u00eda\u00bb a Donad\u00edo y lo calific\u00f3 como \u00abuna excelente persona y vecino que no parec\u00eda un juez, sino alguien com\u00fan\u00bb.<\/div>\n<div style=\"text-align: justify;\"><\/div>\n<div style=\"text-align: justify;\">Una comerciante que se identific\u00f3 como Norma cont\u00f3, por su parte, que el ex magistrado hab\u00eda ido m\u00e1s temprano a comprar a su negocio gaseosas para el cumplea\u00f1os y charl\u00f3 con ella acerca de que su hija iba a cumplir pronto 15 a\u00f1os.<\/div>\n<div style=\"text-align: justify;\"><\/div>\n<div style=\"text-align: justify;\">\u00abEstaba muy contento, era muy querido. Hoy vino caminando por el barro porque ni hab\u00eda tra\u00eddo el auto\u00bb, agreg\u00f3 la mujer, que dijo que Donad\u00edo usaba esa casaquinta los fines de semana y durante las vacaciones y hab\u00eda sido v\u00edctima de varios robos.<\/div>\n<div style=\"text-align: justify;\"><\/div>\n<div style=\"text-align: justify;\">M\u00f3viles de distintas comisar\u00edas de la Jefatura Departamental de Almirante Brown concurrieron a la casa del ex juez tras el hecho y se mont\u00f3 un \u00aboperativo cerrojo\u00bb para tratar de dar con los ladrones, que esta noche permanec\u00edan pr\u00f3fugos.<\/div>\n<div style=\"text-align: justify;\"><\/div>\n<div style=\"text-align: justify;\">Mientras tanto, la Polic\u00eda Cient\u00edfica trabajaba en el lugar bajo las \u00f3rdenes del fiscal de Lomas de Zamora Domingo Ferrari en busca de pruebas que puedan ayudar a la investigaci\u00f3n del homicidio.<\/div>\n<div style=\"text-align: justify;\"><\/div>\n<div style=\"text-align: justify;\">El ahora ex juez hab\u00eda sido v\u00edctima de un hecho de inseguridad grave el 9 de mayo de 2002, cuando sali\u00f3 de su vivienda de Lomas de Zamora hacia la casa de su ex esposa en B\u00e1nfield para llevar a sus hijos al colegio.<\/div>\n","protected":false},"excerpt":{"rendered":"<p>El ya jubilado juez de Menores N\u00ba 1 de Lomas de Zamora, Ra\u00fal Abel Donad\u00edo, fue asesinado en un intento de asalto en su casa de fin de semana en la localidad bonaerense de Glew.\u00a0 El ex juez de menores de Lomas de Zamora, Ra\u00fal Abel Donad\u00edo, fue asesinado de un balazo en el pecho&hellip;<\/p>\n","protected":false},"author":1,"featured_media":0,"comment_status":"open","ping_status":"open","sticky":false,"template":"","format":"standard","meta":{"footnotes":""},"categories":[22],"tags":[11392,581,1065,744,3835,6294,11391,11393],"class_list":["post-23932","post","type-post","status-publish","format-standard","hentry","category-policiales","tag-balzao","tag-delincuentes","tag-glew","tag-lomas-de-zamora","tag-ministro-ricardo-casal","tag-pecho","tag-raul-abel-donadio","tag-tobo"],"_links":{"self":[{"href":"https:\/\/www.elsindical.com.ar\/notas\/wp-json\/wp\/v2\/posts\/23932","targetHints":{"allow":["GET"]}}],"collection":[{"href":"https:\/\/www.elsindical.com.ar\/notas\/wp-json\/wp\/v2\/posts"}],"about":[{"href":"https:\/\/www.elsindical.com.ar\/notas\/wp-json\/wp\/v2\/types\/post"}],"author":[{"embeddable":true,"href":"https:\/\/www.elsindical.com.ar\/notas\/wp-json\/wp\/v2\/users\/1"}],"replies":[{"embeddable":true,"href":"https:\/\/www.elsindical.com.ar\/notas\/wp-json\/wp\/v2\/comments?post=23932"}],"version-history":[{"count":1,"href":"https:\/\/www.elsindical.com.ar\/notas\/wp-json\/wp\/v2\/posts\/23932\/revisions"}],"predecessor-version":[{"id":23934,"href":"https:\/\/www.elsindical.com.ar\/notas\/wp-json\/wp\/v2\/posts\/23932\/revisions\/23934"}],"wp:attachment":[{"href":"https:\/\/www.elsindical.com.ar\/notas\/wp-json\/wp\/v2\/media?parent=23932"}],"wp:term":[{"taxonomy":"category","embeddable":true,"href":"https:\/\/www.elsindical.com.ar\/notas\/wp-json\/wp\/v2\/categories?post=23932"},{"taxonomy":"post_tag","embeddable":true,"href":"https:\/\/www.elsindical.com.ar\/notas\/wp-json\/wp\/v2\/tags?post=23932"}],"curies":[{"name":"wp","href":"https:\/\/api.w.org\/{rel}","templated":true}]}}