{"id":2389,"date":"2009-12-16T07:49:37","date_gmt":"2009-12-16T10:49:37","guid":{"rendered":"http:\/\/www.elsindical.com.ar\/notas\/?p=2389"},"modified":"2009-12-16T07:49:37","modified_gmt":"2009-12-16T10:49:37","slug":"el-campamento-piquetero-en-la-9-de-julio-cumplio-15-horas-y-prometen-que-van-a-seguir","status":"publish","type":"post","link":"https:\/\/www.elsindical.com.ar\/notas\/el-campamento-piquetero-en-la-9-de-julio-cumplio-15-horas-y-prometen-que-van-a-seguir\/","title":{"rendered":"El campamento piquetero en la 9 de Julio cumpli\u00f3 15 horas y prometen que van a seguir"},"content":{"rendered":"<p style=\"text-align: justify;\"><em><img loading=\"lazy\" decoding=\"async\" class=\"alignleft size-full wp-image-2390\" title=\"acampe-9-de-Julio\" src=\"http:\/\/www.elsindical.com.ar\/notas\/var\/www\/html\/notas\/wp-content\/uploads\/2009\/12\/acampe-9-de-Julio.jpg\" alt=\"acampe-9-de-Julio\" width=\"283\" height=\"170\" \/>Las carpas que fueron montadas en <strong>una de las avenidas m\u00e1s importantes del pa\u00eds <\/strong>contin\u00faan frente al Ministerio de Desarrollo Social. El piquetero Roberto Baigorria confirm\u00f3 en <strong>Radio 10 <\/strong>que \u00ab<strong>van a seguir<\/strong>\u00bb all\u00ed hasta que tengan una respuesta a sus reclamos. Exigen les den planes de empleo.<\/em><\/p>\n<p style=\"text-align: justify;\">Contin\u00faa el acampe piquetero en plena Avenida 9 de Julio, frente al Ministerio de Desarrollo Social de la Naci\u00f3n, y los dirigentes de la agrupaci\u00f3n\u00a0\u00abBarrios de Pie\u00bb amenazaron con extender la medida de fuerza en reclamo de planes de empleo.<br \/>\n\u00a0<br \/>\nEl activista Roberto Baigorria confirm\u00f3 esta ma\u00f1ana que el campamento \u00ab<strong>va a seguir<\/strong>\u00bb sobre esa avenida clave para el tr\u00e1nsito en el microcentro porte\u00f1o. En di\u00e1logo con el periodista Marcelo Longobardi, en el programa <em>Cada Ma\u00f1ana <\/em>de <strong>Radio 10<\/strong>, el l\u00edder piquetero anunci\u00f3 as\u00ed la continuidad de la protesta que ya cumpli\u00f3 <strong>m\u00e1s de 15 horas.<\/strong><\/p>\n<p>Los manifestantes de las agrupaciones Barrios de Pie y Movimiento Territorial de Liberaci\u00f3n continuaban asentados esta madrugada sobre la Avenida 9 de Julio, donde se instalaron a media tarde de ayer.<\/p>\n<p><strong>En el lugar comieron pizzas, compartieron diversas bebidas y hasta jugaron improvisados partidos de f\u00fatbol, mientras el tr\u00e1nsito era desviado por la Polic\u00eda<\/strong>.<\/p>\n<p>Esas organizaciones son las mismas que acamparon por 24 horas el 1ro de diciembre en Avenida de Mayo. Ayer por la tarde, se instalaron en Avenida 9 de Julio y Belgrano, y ocuparon la planta baja de la sede del Ministerio de Desarrollo Social que dirige Alicia Kirchner.<\/p>\n<p><strong>A ra\u00edz del acampe, un fuerte operativo de seguridad fue desplegado en la intersecci\u00f3n de la calle Moreno y Avenida 9 de Julio, donde un cord\u00f3n de efectivos instal\u00f3 camiones hidrantes.<\/strong><\/p>\n","protected":false},"excerpt":{"rendered":"<p>Las carpas que fueron montadas en una de las avenidas m\u00e1s importantes del pa\u00eds contin\u00faan frente al Ministerio de Desarrollo Social. El piquetero Roberto Baigorria confirm\u00f3 en Radio 10 que \u00abvan a seguir\u00bb all\u00ed hasta que tengan una respuesta a sus reclamos. Exigen les den planes de empleo. Contin\u00faa el acampe piquetero en plena Avenida&hellip;<\/p>\n","protected":false},"author":1,"featured_media":0,"comment_status":"open","ping_status":"open","sticky":false,"template":"","format":"standard","meta":{"footnotes":""},"categories":[25],"tags":[836,835,375,293,1253],"class_list":["post-2389","post","type-post","status-publish","format-standard","hentry","category-sociedad","tag-9-de-julio","tag-acampe","tag-gobierno","tag-piqueteros","tag-plan"],"_links":{"self":[{"href":"https:\/\/www.elsindical.com.ar\/notas\/wp-json\/wp\/v2\/posts\/2389","targetHints":{"allow":["GET"]}}],"collection":[{"href":"https:\/\/www.elsindical.com.ar\/notas\/wp-json\/wp\/v2\/posts"}],"about":[{"href":"https:\/\/www.elsindical.com.ar\/notas\/wp-json\/wp\/v2\/types\/post"}],"author":[{"embeddable":true,"href":"https:\/\/www.elsindical.com.ar\/notas\/wp-json\/wp\/v2\/users\/1"}],"replies":[{"embeddable":true,"href":"https:\/\/www.elsindical.com.ar\/notas\/wp-json\/wp\/v2\/comments?post=2389"}],"version-history":[{"count":2,"href":"https:\/\/www.elsindical.com.ar\/notas\/wp-json\/wp\/v2\/posts\/2389\/revisions"}],"predecessor-version":[{"id":2392,"href":"https:\/\/www.elsindical.com.ar\/notas\/wp-json\/wp\/v2\/posts\/2389\/revisions\/2392"}],"wp:attachment":[{"href":"https:\/\/www.elsindical.com.ar\/notas\/wp-json\/wp\/v2\/media?parent=2389"}],"wp:term":[{"taxonomy":"category","embeddable":true,"href":"https:\/\/www.elsindical.com.ar\/notas\/wp-json\/wp\/v2\/categories?post=2389"},{"taxonomy":"post_tag","embeddable":true,"href":"https:\/\/www.elsindical.com.ar\/notas\/wp-json\/wp\/v2\/tags?post=2389"}],"curies":[{"name":"wp","href":"https:\/\/api.w.org\/{rel}","templated":true}]}}