{"id":23887,"date":"2012-05-17T13:34:29","date_gmt":"2012-05-17T16:34:29","guid":{"rendered":"http:\/\/www.elsindical.com.ar\/notas\/?p=23887"},"modified":"2012-05-17T13:34:29","modified_gmt":"2012-05-17T16:34:29","slug":"murio-donna-summerla-reina-del-disco","status":"publish","type":"post","link":"https:\/\/www.elsindical.com.ar\/notas\/murio-donna-summerla-reina-del-disco\/","title":{"rendered":"Muri\u00f3 Donna Summer,\u00bbla reina del Disco\u00bb"},"content":{"rendered":"<p style=\"text-align: justify;\"><em><a href=\"http:\/\/www.elsindical.com.ar\/notas\/var\/www\/html\/notas\/wp-content\/uploads\/2012\/05\/Donna-Summer.jpg\"><img loading=\"lazy\" decoding=\"async\" class=\"alignleft size-medium wp-image-23888\" title=\"Donna-Summer\" src=\"http:\/\/www.elsindical.com.ar\/notas\/var\/www\/html\/notas\/wp-content\/uploads\/2012\/05\/Donna-Summer-200x300.jpg\" alt=\"\" width=\"200\" height=\"300\" srcset=\"https:\/\/www.elsindical.com.ar\/notas\/var\/www\/html\/notas\/wp-content\/uploads\/2012\/05\/Donna-Summer-200x300.jpg 200w, https:\/\/www.elsindical.com.ar\/notas\/var\/www\/html\/notas\/wp-content\/uploads\/2012\/05\/Donna-Summer.jpg 443w\" sizes=\"auto, (max-width: 200px) 100vw, 200px\" \/><\/a>La cantante <strong>Donna Summer<\/strong>, considerada <strong>\u00abla reina del Disco\u00bb,<\/strong> <strong>muri\u00f3 esta ma\u00f1ana, a los 63 a\u00f1os<\/strong>,<strong> tras una larga pelea contra el c\u00e1ncer<\/strong>, seg\u00fan asegur\u00f3 el portal TMZ.<\/em><\/p>\n<p style=\"text-align: justify;\">Summer se encontraba en Florida, Estados Unidos, en el momento de su muerte. Seg\u00fan sus allegados, ella intentaba recomponerse, mientras que una persona que la vio hace dos semanas hab\u00eda asegurado que \u00abno se encontraba tan mal\u00bb.<\/p>\n<p style=\"text-align: justify;\">Se supo tambi\u00e9n que la cantante intentaba terminar un \u00e1lbum para el que se encontraba trabajando.<\/p>\n<p style=\"text-align: justify;\">Donna Summer fue nominada al premio Grammy en cinco oportunidades y se convirti\u00f3 en un \u00edcono en los \u201970 gracias a temas como: \u00abLast Dance,\u00bb \u00abHot Stuff\u00bb y \u00abBad Girls\u00bb.<\/p>\n<p style=\"text-align: justify;\">En febrero de este a\u00f1o, Donna Summer fue noticia cuando Herman Cain aspiraba a disputar la presidencia de los EEUU por el Partido Republicano, suspendi\u00f3 su campa\u00f1a al verse envuelto en denuncias de acoso sexual e infidelidad. En su acto final recit\u00f3 la letra de una canci\u00f3n de la artista para ilustrar su situaci\u00f3n personal.<\/p>\n<p style=\"text-align: justify;\">Se trataba de un fragmento de la canci\u00f3n <strong>\u00abThe power of one\u00bb,<\/strong> una balada inspiracional cantada por la \u00abreina de la m\u00fasica disco\u00bb Donna Summer, quien aparece en los cr\u00e9ditos finales de la versi\u00f3n cinematogr\u00e1fica de la serie animada japonesa.<\/p>\n","protected":false},"excerpt":{"rendered":"<p>La cantante Donna Summer, considerada \u00abla reina del Disco\u00bb, muri\u00f3 esta ma\u00f1ana, a los 63 a\u00f1os, tras una larga pelea contra el c\u00e1ncer, seg\u00fan asegur\u00f3 el portal TMZ. Summer se encontraba en Florida, Estados Unidos, en el momento de su muerte. Seg\u00fan sus allegados, ella intentaba recomponerse, mientras que una persona que la vio hace&hellip;<\/p>\n","protected":false},"author":1,"featured_media":0,"comment_status":"open","ping_status":"open","sticky":false,"template":"","format":"standard","meta":{"footnotes":""},"categories":[15],"tags":[193,11365,6880,11366],"class_list":["post-23887","post","type-post","status-publish","format-standard","hentry","category-espectaculos","tag-disco","tag-donnna-summer","tag-estados-unidos","tag-reina"],"_links":{"self":[{"href":"https:\/\/www.elsindical.com.ar\/notas\/wp-json\/wp\/v2\/posts\/23887","targetHints":{"allow":["GET"]}}],"collection":[{"href":"https:\/\/www.elsindical.com.ar\/notas\/wp-json\/wp\/v2\/posts"}],"about":[{"href":"https:\/\/www.elsindical.com.ar\/notas\/wp-json\/wp\/v2\/types\/post"}],"author":[{"embeddable":true,"href":"https:\/\/www.elsindical.com.ar\/notas\/wp-json\/wp\/v2\/users\/1"}],"replies":[{"embeddable":true,"href":"https:\/\/www.elsindical.com.ar\/notas\/wp-json\/wp\/v2\/comments?post=23887"}],"version-history":[{"count":1,"href":"https:\/\/www.elsindical.com.ar\/notas\/wp-json\/wp\/v2\/posts\/23887\/revisions"}],"predecessor-version":[{"id":23889,"href":"https:\/\/www.elsindical.com.ar\/notas\/wp-json\/wp\/v2\/posts\/23887\/revisions\/23889"}],"wp:attachment":[{"href":"https:\/\/www.elsindical.com.ar\/notas\/wp-json\/wp\/v2\/media?parent=23887"}],"wp:term":[{"taxonomy":"category","embeddable":true,"href":"https:\/\/www.elsindical.com.ar\/notas\/wp-json\/wp\/v2\/categories?post=23887"},{"taxonomy":"post_tag","embeddable":true,"href":"https:\/\/www.elsindical.com.ar\/notas\/wp-json\/wp\/v2\/tags?post=23887"}],"curies":[{"name":"wp","href":"https:\/\/api.w.org\/{rel}","templated":true}]}}