{"id":23856,"date":"2012-05-15T20:42:04","date_gmt":"2012-05-15T23:42:04","guid":{"rendered":"http:\/\/www.elsindical.com.ar\/notas\/?p=23856"},"modified":"2012-05-15T20:42:04","modified_gmt":"2012-05-15T23:42:04","slug":"nilda-garre-se-reunio-con-los-diputados-de-las-comisiones-de-legislacion-penal-de-seguridad-interior-y-familia-mujer-ninez-y-adolescencia","status":"publish","type":"post","link":"https:\/\/www.elsindical.com.ar\/notas\/nilda-garre-se-reunio-con-los-diputados-de-las-comisiones-de-legislacion-penal-de-seguridad-interior-y-familia-mujer-ninez-y-adolescencia\/","title":{"rendered":"Nilda Garr\u00e9 se reuni\u00f3 con los diputados de las comisiones de Legislaci\u00f3n Penal, de Seguridad Interior y Familia, Mujer, Ni\u00f1ez y Adolescencia"},"content":{"rendered":"<p style=\"text-align: justify;\"><em><a href=\"http:\/\/www.elsindical.com.ar\/notas\/var\/www\/html\/notas\/wp-content\/uploads\/2012\/05\/garre_palmieri_caamano_diputados.jpg\"><img loading=\"lazy\" decoding=\"async\" class=\"alignleft size-medium wp-image-23857\" title=\"garre_palmieri_caamano_diputados\" src=\"http:\/\/www.elsindical.com.ar\/notas\/var\/www\/html\/notas\/wp-content\/uploads\/2012\/05\/garre_palmieri_caamano_diputados-300x168.jpg\" alt=\"\" width=\"300\" height=\"168\" srcset=\"https:\/\/www.elsindical.com.ar\/notas\/var\/www\/html\/notas\/wp-content\/uploads\/2012\/05\/garre_palmieri_caamano_diputados-300x168.jpg 300w, https:\/\/www.elsindical.com.ar\/notas\/var\/www\/html\/notas\/wp-content\/uploads\/2012\/05\/garre_palmieri_caamano_diputados.jpg 502w\" sizes=\"auto, (max-width: 300px) 100vw, 300px\" \/><\/a>La ministra de Seguridad, Nilda Garr\u00e9, recibi\u00f3 hoy a Diputados Nacionales miembros de las comisiones de Legislaci\u00f3n Penal, de Seguridad Interior y de Familia, Mujer, Ni\u00f1ez y Adolescencia, a los que inform\u00f3 sobre las pol\u00edticas y acciones emprendidas por el Gobierno Nacional en materia de lucha con la criminalidad organizada y en particular el delito de trata de personas.<\/em><\/p>\n<p style=\"text-align: justify;\">\u201cLlevamos adelante una activa sensibilizaci\u00f3n de las Fuerzas Federales que intervienen en casos de trata de personas. Adem\u00e1s, a\u00a0 trav\u00e9s de mecanismos de participaci\u00f3n comunitaria concientizamos sobre la necesidad de identificar tempranamente indicadores de este crimen horrendo que afecta cantidad de personas\u201d, se\u00f1al\u00f3 Garr\u00e9.<\/p>\n<p style=\"text-align: justify;\">La titular de la cartera de Seguridad explic\u00f3 a los diputados y diputadas presentes en la sede de la calle Azopardo 620 de Capital Federal que parte importante de esta pol\u00edtica consiste la capacitaci\u00f3n espec\u00edfica de los cuadros de las Fuerzas de Seguridad Federales. \u201cFormamos continuamente a nuestras Fuerzas de Seguridad para que act\u00faen con profesionalismo en todos los casos, evitando la revictimizaci\u00f3n. La detecci\u00f3n temprana de este delito permite dar un alerta que interrumpa la comisi\u00f3n de ese crimen y rescate a las v\u00edctimas\u201d, agreg\u00f3 la funcionaria.<\/p>\n<p style=\"text-align: justify;\">Funcionarios de Seguridad presentaron el documento \u201cEstrategias del Ministerio en la lucha contra la Trata de Personas\u201d\u00a0 y un nuevo Protocolo para la Detecci\u00f3n Temprana de Posibles Casos de Trata de Personas en Pasos Fronterizos.<\/p>\n<p style=\"text-align: justify;\">\u201cQueremos que estos encuentros sean frecuentes, siempre cultivamos un contacto permanente con el Poder Legislativo, que est\u00e1 al tanto de las medidas y actividades del ministerio de Seguridad, necesitamos de esta articulaci\u00f3n para aclarar dudas y mejorar los resultados\u201d, finaliz\u00f3 Garr\u00e9.<br \/>\nEl pasado mes de agosto, el Senado aprob\u00f3 por unanimidad un proyecto que aumenta el castigo a los implicados en trata de personas y ampl\u00eda la protecci\u00f3n a las v\u00edctimas, pero este proyecto a\u00fan no se trat\u00f3 en Diputados.<\/p>\n<p style=\"text-align: justify;\">Participaron del encuentro los secretarios de Cooperaci\u00f3n con los Poderes Judiciales, Ministerios P\u00fablicos y Legislaturas, Cristina Caama\u00f1o y de Coordinaci\u00f3n, Planeamiento y Formaci\u00f3n, Gustavo Palmieri; junto a los subsecretarios de Articulaci\u00f3n Legislativa, Gustavo Sibilla y de Planeamiento y Formaci\u00f3n, Cecilia Ales.<\/p>\n","protected":false},"excerpt":{"rendered":"<p>La ministra de Seguridad, Nilda Garr\u00e9, recibi\u00f3 hoy a Diputados Nacionales miembros de las comisiones de Legislaci\u00f3n Penal, de Seguridad Interior y de Familia, Mujer, Ni\u00f1ez y Adolescencia, a los que inform\u00f3 sobre las pol\u00edticas y acciones emprendidas por el Gobierno Nacional en materia de lucha con la criminalidad organizada y en particular el delito&hellip;<\/p>\n","protected":false},"author":1,"featured_media":0,"comment_status":"open","ping_status":"open","sticky":false,"template":"","format":"standard","meta":{"footnotes":""},"categories":[13],"tags":[11353,892,11351,10982,11352,5660,315],"class_list":["post-23856","post","type-post","status-publish","format-standard","hentry","category-politica","tag-cecilia-ales","tag-delitos","tag-fuerzas-federales","tag-gustavo-palmieri","tag-gustavo-sibilla","tag-ministro-de-seguridad-nilda-garre","tag-trata-de-personas"],"_links":{"self":[{"href":"https:\/\/www.elsindical.com.ar\/notas\/wp-json\/wp\/v2\/posts\/23856","targetHints":{"allow":["GET"]}}],"collection":[{"href":"https:\/\/www.elsindical.com.ar\/notas\/wp-json\/wp\/v2\/posts"}],"about":[{"href":"https:\/\/www.elsindical.com.ar\/notas\/wp-json\/wp\/v2\/types\/post"}],"author":[{"embeddable":true,"href":"https:\/\/www.elsindical.com.ar\/notas\/wp-json\/wp\/v2\/users\/1"}],"replies":[{"embeddable":true,"href":"https:\/\/www.elsindical.com.ar\/notas\/wp-json\/wp\/v2\/comments?post=23856"}],"version-history":[{"count":1,"href":"https:\/\/www.elsindical.com.ar\/notas\/wp-json\/wp\/v2\/posts\/23856\/revisions"}],"predecessor-version":[{"id":23858,"href":"https:\/\/www.elsindical.com.ar\/notas\/wp-json\/wp\/v2\/posts\/23856\/revisions\/23858"}],"wp:attachment":[{"href":"https:\/\/www.elsindical.com.ar\/notas\/wp-json\/wp\/v2\/media?parent=23856"}],"wp:term":[{"taxonomy":"category","embeddable":true,"href":"https:\/\/www.elsindical.com.ar\/notas\/wp-json\/wp\/v2\/categories?post=23856"},{"taxonomy":"post_tag","embeddable":true,"href":"https:\/\/www.elsindical.com.ar\/notas\/wp-json\/wp\/v2\/tags?post=23856"}],"curies":[{"name":"wp","href":"https:\/\/api.w.org\/{rel}","templated":true}]}}