{"id":23746,"date":"2012-05-11T12:48:46","date_gmt":"2012-05-11T15:48:46","guid":{"rendered":"http:\/\/www.elsindical.com.ar\/notas\/?p=23746"},"modified":"2012-05-11T12:48:46","modified_gmt":"2012-05-11T15:48:46","slug":"ordenan-indemnizar-con-350-mil-a-una-mujer-violada-en-una-estacion-de-subte","status":"publish","type":"post","link":"https:\/\/www.elsindical.com.ar\/notas\/ordenan-indemnizar-con-350-mil-a-una-mujer-violada-en-una-estacion-de-subte\/","title":{"rendered":"Ordenan indemnizar con $350 mil a una mujer violada en una estaci\u00f3n de subte"},"content":{"rendered":"<p style=\"text-align: justify;\"><em><a href=\"http:\/\/www.elsindical.com.ar\/notas\/var\/www\/html\/notas\/wp-content\/uploads\/2012\/05\/estaci\u00f3n-de-subte-San-Jos\u00e9.jpg\"><img loading=\"lazy\" decoding=\"async\" class=\"alignleft size-medium wp-image-23747\" title=\"estaci\u00f3n-de-subte-San-Jos\u00e9\" src=\"http:\/\/www.elsindical.com.ar\/notas\/var\/www\/html\/notas\/wp-content\/uploads\/2012\/05\/estaci\u00f3n-de-subte-San-Jos\u00e9-300x196.jpg\" alt=\"\" width=\"300\" height=\"196\" srcset=\"https:\/\/www.elsindical.com.ar\/notas\/var\/www\/html\/notas\/wp-content\/uploads\/2012\/05\/estaci\u00f3n-de-subte-San-Jos\u00e9-300x196.jpg 300w, https:\/\/www.elsindical.com.ar\/notas\/var\/www\/html\/notas\/wp-content\/uploads\/2012\/05\/estaci\u00f3n-de-subte-San-Jos\u00e9.jpg 413w\" sizes=\"auto, (max-width: 300px) 100vw, 300px\" \/><\/a>La Justicia conden\u00f3 a Metrov\u00edas a pagarle esa cifra a una pasajera abusada en la estaci\u00f3n San Jos\u00e9 de la l\u00ednea E. Los jueces consideraron que la empresa estaba \u00abobligada a garantizar medidas de seguridad\u00bb a sus usuarios.<\/em><\/p>\n<p style=\"text-align: justify;\">La Justicia Civil porte\u00f1a orden\u00f3 a Metrov\u00edas a indemnizar con m\u00e1s de 350 mil pesos a una mujer que fue violada en una estaci\u00f3n de la l\u00ednea E de subtes en diciembre del 2004, informaron fuentes judiciales.<\/p>\n<p style=\"text-align: justify;\">\u00abEl hecho delictivo debe ser imputado a la empresa por los defectos de las medidas de seguridad que estaba obligada a garantizar\u201d, se\u00f1ala el fallo de la sala H de la C\u00e1mara Civil que agrega que \u201cel hecho result\u00f3 evitable\u00bb.<\/p>\n<p style=\"text-align: justify;\">En diciembre de 2004 una pasajera fue violada en la estaci\u00f3n San Jos\u00e9 de la l\u00ednea E de subterr\u00e1neos. La mujer fue sorprendida en la escalera mec\u00e1nica por un hombre que \u00able tap\u00f3 la boca con una mano, mientras con la otra sosten\u00eda un cuchillo con el cual la amenazaba de muerte\u00bb, tras lo que la someti\u00f3 sexualmente, se\u00f1ala la resoluci\u00f3n.<\/p>\n<p style=\"text-align: justify;\">En primera instancia, la jueza civil Cecilia Federico sostuvo que las empresas que tienen a su cargo el transporte de pasajeros \u00abdeben soportar la consabida cl\u00e1usula contractual estipulada en cuanto a que el pasajero debe llegar sano y salvo a destino\u00bb. Y remarc\u00f3 que el transportista \u00abasume una obligaci\u00f3n de resultado\u00bb.<\/p>\n<p style=\"text-align: justify;\">Pero Metrov\u00edas, la empresa concesionaria del servicio, cuestion\u00f3 el fallo argumentando que \u00abel hecho provino del accionar delictual de un tercero extra\u00f1o\u00bb, que \u00abresult\u00f3 ser un acontecimiento imprevisible\u00bb.<\/p>\n<p style=\"text-align: justify;\">Adem\u00e1s, la empresa explic\u00f3 en 2004 \u00abel uso de videoc\u00e1maras no se encontraba difundido con el alcance que posee en la actualidad\u00bb, raz\u00f3n por la cual \u00abel hecho en an\u00e1lisis revisti\u00f3 el car\u00e1cter de imprevisibilidad\u00bb.<\/p>\n<p style=\"text-align: justify;\">Sin embargo, los camaristas Jorge Mayo, Liliana Abreu de Begher y Claudio Kiper replicaron que \u00abla aparici\u00f3n s\u00fabita de forajidos, no es un hecho imprevisible para el empresario transportista, sino un indicativo de la habitual ausencia de medidas de prevenci\u00f3n para resguardar los bienes y la seguridad de los pasajeros\u00bb.<\/p>\n<p style=\"text-align: justify;\">Por este motivo, los jueces consideraron que \u00abno puede reputarse caso fortuito a lo que est\u00e1 dentro del riesgo propio o espec\u00edfico de la actividad\u00bb.<\/p>\n<p style=\"text-align: justify;\">\u00abToda la responsabilidad que derive de hechos que concreten el \u2018ejercicio\u2019 de la concesi\u00f3n, le corresponde al concesionario\u00bb, explicaron los magistrados quienes se\u00f1alaron que \u00abde haberse encontrado presente personal de seguridad realizando la tarea de patrullaje prevista, el malviviente sin lugar a dudas se habr\u00eda visto disuadido de cometer semejante delito\u00bb.<\/p>\n<p style=\"text-align: justify;\">En ese sentido, concluyeron que \u00abel hecho delictivo debe ser imputado a la empresa por los defectos de las medidas de seguridad que la empresa estaba obligada a garantizar, toda vez que el hecho result\u00f3 evitable\u00bb, por lo que confirmaron la indemnizaci\u00f3n impuesta en primera instancia.<\/p>\n<p style=\"text-align: justify;\">\n<p style=\"text-align: justify;\">(T\u00e9lam)<\/p>\n","protected":false},"excerpt":{"rendered":"<p>La Justicia conden\u00f3 a Metrov\u00edas a pagarle esa cifra a una pasajera abusada en la estaci\u00f3n San Jos\u00e9 de la l\u00ednea E. Los jueces consideraron que la empresa estaba \u00abobligada a garantizar medidas de seguridad\u00bb a sus usuarios. La Justicia Civil porte\u00f1a orden\u00f3 a Metrov\u00edas a indemnizar con m\u00e1s de 350 mil pesos a una&hellip;<\/p>\n","protected":false},"author":1,"featured_media":0,"comment_status":"open","ping_status":"open","sticky":false,"template":"","format":"standard","meta":{"footnotes":""},"categories":[20],"tags":[342,11316,11315,11317,350],"class_list":["post-23746","post","type-post","status-publish","format-standard","hentry","category-judiciales","tag-abuso","tag-estacion-san-jose","tag-justicia-civil","tag-linea-e","tag-metrovias"],"_links":{"self":[{"href":"https:\/\/www.elsindical.com.ar\/notas\/wp-json\/wp\/v2\/posts\/23746","targetHints":{"allow":["GET"]}}],"collection":[{"href":"https:\/\/www.elsindical.com.ar\/notas\/wp-json\/wp\/v2\/posts"}],"about":[{"href":"https:\/\/www.elsindical.com.ar\/notas\/wp-json\/wp\/v2\/types\/post"}],"author":[{"embeddable":true,"href":"https:\/\/www.elsindical.com.ar\/notas\/wp-json\/wp\/v2\/users\/1"}],"replies":[{"embeddable":true,"href":"https:\/\/www.elsindical.com.ar\/notas\/wp-json\/wp\/v2\/comments?post=23746"}],"version-history":[{"count":2,"href":"https:\/\/www.elsindical.com.ar\/notas\/wp-json\/wp\/v2\/posts\/23746\/revisions"}],"predecessor-version":[{"id":23749,"href":"https:\/\/www.elsindical.com.ar\/notas\/wp-json\/wp\/v2\/posts\/23746\/revisions\/23749"}],"wp:attachment":[{"href":"https:\/\/www.elsindical.com.ar\/notas\/wp-json\/wp\/v2\/media?parent=23746"}],"wp:term":[{"taxonomy":"category","embeddable":true,"href":"https:\/\/www.elsindical.com.ar\/notas\/wp-json\/wp\/v2\/categories?post=23746"},{"taxonomy":"post_tag","embeddable":true,"href":"https:\/\/www.elsindical.com.ar\/notas\/wp-json\/wp\/v2\/tags?post=23746"}],"curies":[{"name":"wp","href":"https:\/\/api.w.org\/{rel}","templated":true}]}}