{"id":23742,"date":"2012-05-11T01:03:48","date_gmt":"2012-05-11T04:03:48","guid":{"rendered":"http:\/\/www.elsindical.com.ar\/notas\/?p=23742"},"modified":"2012-05-11T01:03:48","modified_gmt":"2012-05-11T04:03:48","slug":"desalojados-levantaron-el-corte-frente-a-la-jefatura-de-gobierno","status":"publish","type":"post","link":"https:\/\/www.elsindical.com.ar\/notas\/desalojados-levantaron-el-corte-frente-a-la-jefatura-de-gobierno\/","title":{"rendered":"Desalojados levantaron el corte frente a la Jefatura de Gobierno"},"content":{"rendered":"<p style=\"text-align: justify;\"><em><a href=\"http:\/\/www.elsindical.com.ar\/notas\/var\/www\/html\/notas\/wp-content\/uploads\/2012\/05\/P1260126web.jpg\"><img loading=\"lazy\" decoding=\"async\" class=\"alignleft size-medium wp-image-23743\" title=\"P1260126web\" src=\"http:\/\/www.elsindical.com.ar\/notas\/var\/www\/html\/notas\/wp-content\/uploads\/2012\/05\/P1260126web-300x224.jpg\" alt=\"\" width=\"300\" height=\"224\" srcset=\"https:\/\/www.elsindical.com.ar\/notas\/var\/www\/html\/notas\/wp-content\/uploads\/2012\/05\/P1260126web-300x224.jpg 300w, https:\/\/www.elsindical.com.ar\/notas\/var\/www\/html\/notas\/wp-content\/uploads\/2012\/05\/P1260126web.jpg 502w\" sizes=\"auto, (max-width: 300px) 100vw, 300px\" \/><\/a>Sin respuestas, las 33 familias que fueron desalojadas el lunes pasado de un hotel del barrio porte\u00f1o de Constituci\u00f3n, levantaron el bloqueo que realizaron durante toda la jornada frente a la Jefatura de Gobierno porte\u00f1o en reclamo del retorno a las habitaciones. De este modo, decidieron volver a la puerta de lugar donde fueron echados para resolver all\u00ed cu\u00e1les ser\u00e1n las nuevas medidas de protesta.<\/em><\/p>\n<p style=\"text-align: justify;\">El reclamo de las familias desalojadas el lunes de un hotel del barrio porte\u00f1o de Constituci\u00f3n sigue vigente y sin soluci\u00f3n. Es que, despu\u00e9s de haber mantenido un bloqueo en la puerta de la Jefatura de Gobierno durante todo el d\u00eda, los desalojados decidieron dar por finalizada la medida de fuerza.<\/p>\n<p style=\"text-align: justify;\">Seg\u00fan explicaron, nadie del Gobierno porte\u00f1o se acerc\u00f3 para dialogar con ellos y por ende volver\u00e1n a bloquear la puerta del hotel, ubicado en Brasil y Combate de los Pozos.<\/p>\n<p style=\"text-align: justify;\">\u00abDespu\u00e9s de esperar horas bajo la lluvia y que haya quedado claro ante los medios que es el gobierno porte\u00f1o el que no quiere dialogar con nosotros decidimos volver a la puerta del hotel para resolver ah\u00ed c\u00f3mo vamos a seguir\u00bb, asegur\u00f3 Joaqu\u00edn miembro de un centro cultural vecino al hotel.<\/p>\n<p style=\"text-align: justify;\">\u00abEs necesario que el gobierno porte\u00f1o asuma su responsabilidad en el desalojo y devuelva a las familias las habitaciones que alquilaban, si siguen sin dar respuesta seguramente se van a resolver nuevas medidas de fuerza\u00bb, advirti\u00f3.<\/p>\n<p style=\"text-align: justify;\">En medio dela Avenidade Mayo, los manifestantes acompa\u00f1ados por agrupaciones sindicales y sociales, cortaron la avenida y ubicaron a partir de las 17:30 hs.\u00a0una hilera de colchones entre el Cabildo yla Jefaturade Gobierno, por lo que denominaron a la protesta como \u00abcolchonazo\u00bb.<\/p>\n<p style=\"text-align: justify;\">Ahora, en las puertas del hotel aseguraron que definir\u00e1n cu\u00e1les son los pasos a seguir en esta protesta en la cual reclaman que les sean devueltas las habitaciones en las cuales viv\u00edan.<\/p>\n","protected":false},"excerpt":{"rendered":"<p>Sin respuestas, las 33 familias que fueron desalojadas el lunes pasado de un hotel del barrio porte\u00f1o de Constituci\u00f3n, levantaron el bloqueo que realizaron durante toda la jornada frente a la Jefatura de Gobierno porte\u00f1o en reclamo del retorno a las habitaciones. De este modo, decidieron volver a la puerta de lugar donde fueron echados&hellip;<\/p>\n","protected":false},"author":1,"featured_media":0,"comment_status":"open","ping_status":"open","sticky":false,"template":"","format":"standard","meta":{"footnotes":""},"categories":[25],"tags":[324,199,1291,2545,4272,76,292],"class_list":["post-23742","post","type-post","status-publish","format-standard","hentry","category-sociedad","tag-constitucion","tag-desalojo","tag-familias","tag-hotel","tag-jefatura-de-gobierno","tag-mauricio-macri","tag-protesta"],"_links":{"self":[{"href":"https:\/\/www.elsindical.com.ar\/notas\/wp-json\/wp\/v2\/posts\/23742","targetHints":{"allow":["GET"]}}],"collection":[{"href":"https:\/\/www.elsindical.com.ar\/notas\/wp-json\/wp\/v2\/posts"}],"about":[{"href":"https:\/\/www.elsindical.com.ar\/notas\/wp-json\/wp\/v2\/types\/post"}],"author":[{"embeddable":true,"href":"https:\/\/www.elsindical.com.ar\/notas\/wp-json\/wp\/v2\/users\/1"}],"replies":[{"embeddable":true,"href":"https:\/\/www.elsindical.com.ar\/notas\/wp-json\/wp\/v2\/comments?post=23742"}],"version-history":[{"count":2,"href":"https:\/\/www.elsindical.com.ar\/notas\/wp-json\/wp\/v2\/posts\/23742\/revisions"}],"predecessor-version":[{"id":23745,"href":"https:\/\/www.elsindical.com.ar\/notas\/wp-json\/wp\/v2\/posts\/23742\/revisions\/23745"}],"wp:attachment":[{"href":"https:\/\/www.elsindical.com.ar\/notas\/wp-json\/wp\/v2\/media?parent=23742"}],"wp:term":[{"taxonomy":"category","embeddable":true,"href":"https:\/\/www.elsindical.com.ar\/notas\/wp-json\/wp\/v2\/categories?post=23742"},{"taxonomy":"post_tag","embeddable":true,"href":"https:\/\/www.elsindical.com.ar\/notas\/wp-json\/wp\/v2\/tags?post=23742"}],"curies":[{"name":"wp","href":"https:\/\/api.w.org\/{rel}","templated":true}]}}