{"id":23710,"date":"2012-05-10T02:12:43","date_gmt":"2012-05-10T05:12:43","guid":{"rendered":"http:\/\/www.elsindical.com.ar\/notas\/?p=23710"},"modified":"2012-05-10T02:12:43","modified_gmt":"2012-05-10T05:12:43","slug":"procesaron-a-una-abula-por-castigar-a-su-nieto-al-sacar-una-mala-nota-en-la-escuela","status":"publish","type":"post","link":"https:\/\/www.elsindical.com.ar\/notas\/procesaron-a-una-abula-por-castigar-a-su-nieto-al-sacar-una-mala-nota-en-la-escuela\/","title":{"rendered":"Procesaron a una abula por castigar a su nieto al sacar una mala nota en la escuela"},"content":{"rendered":"<p style=\"text-align: justify;\"><em><a href=\"http:\/\/www.elsindical.com.ar\/notas\/var\/www\/html\/notas\/wp-content\/uploads\/2012\/05\/castigo-con-cinto.jpg\"><img loading=\"lazy\" decoding=\"async\" class=\"alignleft size-medium wp-image-23711\" title=\"castigo-con-cinto\" src=\"http:\/\/www.elsindical.com.ar\/notas\/var\/www\/html\/notas\/wp-content\/uploads\/2012\/05\/castigo-con-cinto-300x167.jpg\" alt=\"\" width=\"300\" height=\"167\" srcset=\"https:\/\/www.elsindical.com.ar\/notas\/var\/www\/html\/notas\/wp-content\/uploads\/2012\/05\/castigo-con-cinto-300x167.jpg 300w, https:\/\/www.elsindical.com.ar\/notas\/var\/www\/html\/notas\/wp-content\/uploads\/2012\/05\/castigo-con-cinto.jpg 413w\" sizes=\"auto, (max-width: 300px) 100vw, 300px\" \/><\/a>La Justicia la separ\u00f3 del nene, que estaba a su cargo, y le trab\u00f3 un embargo por 10.000 pesos. El caso sali\u00f3 a la luz porque el chico le mostr\u00f3 las lesiones a su maestra.<\/em><\/p>\n<p style=\"text-align: justify;\">Una mujer podr\u00eda pasar hasta dos a\u00f1os en la c\u00e1rcel por haber golpeado con un cintur\u00f3n a su nieto de siete a\u00f1os como castigo luego de que recibiera una baja nota en el colegio. La Justicia dispuso, adem\u00e1s, que se la separe del chico \u2013a quien ten\u00eda a cargo- y le trab\u00f3 un embargo por 10.000 pesos.<\/p>\n<p style=\"text-align: justify;\">La Sala Cuarta de la C\u00e1mara del Crimen confirm\u00f3 el procesamiento de la mujer por el delito de \u201clesiones leves agravadas por el v\u00ednculo\u201d. El caso lleg\u00f3 a la Justicia luego de que el chico les contara a las autoridades de la Escuela de Ense\u00f1anza Primaria N\u00b0 4, a la que asiste, que su abuela le hab\u00eda pegado con un cinto en las piernas y en las nalgas. \u00bfLa raz\u00f3n? En el colegio le hab\u00edan bajado la nota en conducta.<\/p>\n<p style=\"text-align: justify;\">Tras el castigo, el nene falt\u00f3 dos d\u00edas al colegio, jueves y viernes. El lunes, cuando se reincorpor\u00f3, la maestra le pregunt\u00f3 por qu\u00e9 no hab\u00eda ido a clases. El chico le habl\u00f3 entonces de la golpiza y le mostr\u00f3 las marcas en sus piernas. Los informes m\u00e9dicos constataron que dec\u00eda la verdad.<\/p>\n<p style=\"text-align: justify;\">Las autoridades de la escuela convocaron al SAME, al Consejo de los Derechos del Ni\u00f1o, Ni\u00f1a y Adolescente, y a la propia abuela, quien incluso reconoci\u00f3 que le hab\u00eda pegado a su nieto y se mostr\u00f3 arrepentida. Tras la confesi\u00f3n, qued\u00f3 detenida.<\/p>\n<p style=\"text-align: justify;\">Ante el juez subrogante Gabriel Ghirlanda \u2013del Juzgado correccional N\u00b05- neg\u00f3 lo que hab\u00eda reconocido ante los docentes. En su declaraci\u00f3n, dijo que hab\u00eda criado al nene desde los tres meses de edad y que la madre del chico viv\u00eda en Chaco.<\/p>\n<p style=\"text-align: justify;\">Fuentes judiciales citadas por la agencia de noticias DyN se\u00f1alaron que la mujer describi\u00f3 al chico como \u00abmuy inquieto, que sol\u00eda golpearse con frecuencia, en el ba\u00f1o o jugando\u00bb. La maestra, en tanto, dijo que en el colegio era violento con sus compa\u00f1eros e incluso con ella.<\/p>\n<p style=\"text-align: justify;\">Ante los jueces, el nene dijo que era la segunda vez que su abuela lo golpeaba, y que en las dos oportunidades tuvo que intervenir una t\u00eda para que no lo siguiera lastimando.<\/p>\n<p style=\"text-align: justify;\">El art\u00edculo 92 del C\u00f3digo Penal fija una escala penal de entre seis meses y dos a\u00f1os para el caso de las lesiones leves agravadas por el v\u00ednculo. Los magistrados adem\u00e1s le trabaron un embargo de bienes de 10.000 pesos a la mujer -una suma estimativa del resarcimiento por los da\u00f1os- y la apartaron del chico.<\/p>\n","protected":false},"excerpt":{"rendered":"<p>La Justicia la separ\u00f3 del nene, que estaba a su cargo, y le trab\u00f3 un embargo por 10.000 pesos. El caso sali\u00f3 a la luz porque el chico le mostr\u00f3 las lesiones a su maestra. Una mujer podr\u00eda pasar hasta dos a\u00f1os en la c\u00e1rcel por haber golpeado con un cintur\u00f3n a su nieto de&hellip;<\/p>\n","protected":false},"author":1,"featured_media":0,"comment_status":"open","ping_status":"open","sticky":false,"template":"","format":"standard","meta":{"footnotes":""},"categories":[20],"tags":[11302,5176,1047,11303,2031,2174],"class_list":["post-23710","post","type-post","status-publish","format-standard","hentry","category-judiciales","tag-abuela","tag-castigo","tag-maestra","tag-mala-nota","tag-nieto","tag-proceso"],"_links":{"self":[{"href":"https:\/\/www.elsindical.com.ar\/notas\/wp-json\/wp\/v2\/posts\/23710","targetHints":{"allow":["GET"]}}],"collection":[{"href":"https:\/\/www.elsindical.com.ar\/notas\/wp-json\/wp\/v2\/posts"}],"about":[{"href":"https:\/\/www.elsindical.com.ar\/notas\/wp-json\/wp\/v2\/types\/post"}],"author":[{"embeddable":true,"href":"https:\/\/www.elsindical.com.ar\/notas\/wp-json\/wp\/v2\/users\/1"}],"replies":[{"embeddable":true,"href":"https:\/\/www.elsindical.com.ar\/notas\/wp-json\/wp\/v2\/comments?post=23710"}],"version-history":[{"count":2,"href":"https:\/\/www.elsindical.com.ar\/notas\/wp-json\/wp\/v2\/posts\/23710\/revisions"}],"predecessor-version":[{"id":23713,"href":"https:\/\/www.elsindical.com.ar\/notas\/wp-json\/wp\/v2\/posts\/23710\/revisions\/23713"}],"wp:attachment":[{"href":"https:\/\/www.elsindical.com.ar\/notas\/wp-json\/wp\/v2\/media?parent=23710"}],"wp:term":[{"taxonomy":"category","embeddable":true,"href":"https:\/\/www.elsindical.com.ar\/notas\/wp-json\/wp\/v2\/categories?post=23710"},{"taxonomy":"post_tag","embeddable":true,"href":"https:\/\/www.elsindical.com.ar\/notas\/wp-json\/wp\/v2\/tags?post=23710"}],"curies":[{"name":"wp","href":"https:\/\/api.w.org\/{rel}","templated":true}]}}