{"id":23622,"date":"2012-05-07T21:49:48","date_gmt":"2012-05-08T00:49:48","guid":{"rendered":"http:\/\/www.elsindical.com.ar\/notas\/?p=23622"},"modified":"2012-05-07T21:49:48","modified_gmt":"2012-05-08T00:49:48","slug":"palermoclausuraron-un-ciber-que-frente-a-una-escuela-vendia-bebidas-alcoholicas-y-no-poseia-filtros","status":"publish","type":"post","link":"https:\/\/www.elsindical.com.ar\/notas\/palermoclausuraron-un-ciber-que-frente-a-una-escuela-vendia-bebidas-alcoholicas-y-no-poseia-filtros\/","title":{"rendered":"Palermo:Clausuraron un ciber que frente a una escuela vendia bebidas alcoh\u00f3licas y no pose\u00eda filtros"},"content":{"rendered":"<p style=\"text-align: justify;\"><em><a href=\"http:\/\/www.elsindical.com.ar\/notas\/var\/www\/html\/notas\/wp-content\/uploads\/2012\/05\/clausura-ciber.jpg\"><img loading=\"lazy\" decoding=\"async\" class=\"alignleft size-medium wp-image-23623\" title=\"clausura-ciber\" src=\"http:\/\/www.elsindical.com.ar\/notas\/var\/www\/html\/notas\/wp-content\/uploads\/2012\/05\/clausura-ciber-300x225.jpg\" alt=\"\" width=\"300\" height=\"225\" srcset=\"https:\/\/www.elsindical.com.ar\/notas\/var\/www\/html\/notas\/wp-content\/uploads\/2012\/05\/clausura-ciber-300x225.jpg 300w, https:\/\/www.elsindical.com.ar\/notas\/var\/www\/html\/notas\/wp-content\/uploads\/2012\/05\/clausura-ciber.jpg 413w\" sizes=\"auto, (max-width: 300px) 100vw, 300px\" \/><\/a>El local, que se encuentra en Palermo, no contaba con los filtros antipornograf\u00eda correspondientes, adem\u00e1s de constatarse que all\u00ed se vend\u00edan bebidas alcoh\u00f3licas.<\/em><\/p>\n<div style=\"text-align: justify;\">\n<p>El establecimiento se encuentra en la calle <strong>Armenia al 2300, frente al colegio Mart\u00edn Buber<\/strong>, situaci\u00f3n que se encuentra prohibida en el C\u00f3digo de Habilitaciones de la Ciudad. Adem\u00e1s, en su interior los inspectores comprobaron que <strong>varias computadoras no ten\u00edan los filtros antipornogr\u00e1ficos<\/strong> activados reglamentarios.<\/p>\n<p>Seg\u00fan el C\u00f3digo de Habilitaciones, <strong>los menores de 16 a\u00f1os s\u00f3lo tienen permitido ingresar a esos locales entre las 18 y las 20 horas<\/strong> durante el per\u00edodo escolar, y en \u00e9ste se encontraban <strong>al menos cuatro menores sin la compa\u00f1\u00eda adulta correspondiente<\/strong>.<\/p>\n<p>Las autoridades tambi\u00e9n comprobaron que <strong>ese negocio tambi\u00e9n se dedicaba a la venta de bebidas, algunas de ellas alcoh\u00f3licas.<\/strong> Incluso, en 2011 el establecimiento hab\u00eda sido clausurado por el mismo motivo.<\/p>\n<p>Las faltas por las que se procedi\u00f3 a la clausura inmediata del local incluyen: <strong>presencia de menores fuera del horario permitido, falta de habilitaci\u00f3n, falta de filtros antipornogr\u00e1ficos activados, puerta de ingreso con apertura el\u00e9ctrica (hecho que se encuentra prohibido) y falta de certificado de fumigaci\u00f3n<\/strong>.<\/p>\n<p>Entre 2009 y 2011 se realizaron en total <strong>140 clausuras y 190 denuncias contra los ciber<\/strong>. Los barrios porte\u00f1os <strong>de Balvanera, Almagro, Villa Crespo y Boedo concentran el 60% de las denuncias<\/strong>.<\/p>\n<\/div>\n","protected":false},"excerpt":{"rendered":"<p>El local, que se encuentra en Palermo, no contaba con los filtros antipornograf\u00eda correspondientes, adem\u00e1s de constatarse que all\u00ed se vend\u00edan bebidas alcoh\u00f3licas. El establecimiento se encuentra en la calle Armenia al 2300, frente al colegio Mart\u00edn Buber, situaci\u00f3n que se encuentra prohibida en el C\u00f3digo de Habilitaciones de la Ciudad. Adem\u00e1s, en su interior&hellip;<\/p>\n","protected":false},"author":1,"featured_media":0,"comment_status":"open","ping_status":"open","sticky":false,"template":"","format":"standard","meta":{"footnotes":""},"categories":[25],"tags":[11273,5899,2816,11272,1337],"class_list":["post-23622","post","type-post","status-publish","format-standard","hentry","category-sociedad","tag-agc","tag-bebidas-alcoholicas","tag-computadoras","tag-martin-buber","tag-palermo"],"_links":{"self":[{"href":"https:\/\/www.elsindical.com.ar\/notas\/wp-json\/wp\/v2\/posts\/23622","targetHints":{"allow":["GET"]}}],"collection":[{"href":"https:\/\/www.elsindical.com.ar\/notas\/wp-json\/wp\/v2\/posts"}],"about":[{"href":"https:\/\/www.elsindical.com.ar\/notas\/wp-json\/wp\/v2\/types\/post"}],"author":[{"embeddable":true,"href":"https:\/\/www.elsindical.com.ar\/notas\/wp-json\/wp\/v2\/users\/1"}],"replies":[{"embeddable":true,"href":"https:\/\/www.elsindical.com.ar\/notas\/wp-json\/wp\/v2\/comments?post=23622"}],"version-history":[{"count":2,"href":"https:\/\/www.elsindical.com.ar\/notas\/wp-json\/wp\/v2\/posts\/23622\/revisions"}],"predecessor-version":[{"id":23625,"href":"https:\/\/www.elsindical.com.ar\/notas\/wp-json\/wp\/v2\/posts\/23622\/revisions\/23625"}],"wp:attachment":[{"href":"https:\/\/www.elsindical.com.ar\/notas\/wp-json\/wp\/v2\/media?parent=23622"}],"wp:term":[{"taxonomy":"category","embeddable":true,"href":"https:\/\/www.elsindical.com.ar\/notas\/wp-json\/wp\/v2\/categories?post=23622"},{"taxonomy":"post_tag","embeddable":true,"href":"https:\/\/www.elsindical.com.ar\/notas\/wp-json\/wp\/v2\/tags?post=23622"}],"curies":[{"name":"wp","href":"https:\/\/api.w.org\/{rel}","templated":true}]}}