{"id":23611,"date":"2012-05-07T11:18:16","date_gmt":"2012-05-07T14:18:16","guid":{"rendered":"http:\/\/www.elsindical.com.ar\/notas\/?p=23611"},"modified":"2012-05-07T11:18:16","modified_gmt":"2012-05-07T14:18:16","slug":"santiago-del-esterodetuvieron-a-un-wachiturro-por-intento-de-violacion","status":"publish","type":"post","link":"https:\/\/www.elsindical.com.ar\/notas\/santiago-del-esterodetuvieron-a-un-wachiturro-por-intento-de-violacion\/","title":{"rendered":"Santiago del Estero:Detuvieron a un wachiturro por intento de violaci\u00f3n"},"content":{"rendered":"<p style=\"text-align: justify;\"><em><a href=\"http:\/\/www.elsindical.com.ar\/notas\/var\/www\/html\/notas\/wp-content\/uploads\/2012\/05\/wachiturros-grupo.jpg\"><img loading=\"lazy\" decoding=\"async\" class=\"alignleft size-medium wp-image-23612\" title=\"wachiturros-grupo\" src=\"http:\/\/www.elsindical.com.ar\/notas\/var\/www\/html\/notas\/wp-content\/uploads\/2012\/05\/wachiturros-grupo-300x224.jpg\" alt=\"\" width=\"300\" height=\"224\" srcset=\"https:\/\/www.elsindical.com.ar\/notas\/var\/www\/html\/notas\/wp-content\/uploads\/2012\/05\/wachiturros-grupo-300x224.jpg 300w, https:\/\/www.elsindical.com.ar\/notas\/var\/www\/html\/notas\/wp-content\/uploads\/2012\/05\/wachiturros-grupo.jpg 443w\" sizes=\"auto, (max-width: 300px) 100vw, 300px\" \/><\/a>Un integrante de la banda de cumbia fue arrestado por la Polic\u00eda en la localidad de Termas de R\u00edo Hondo, <strong>luego de que una ni\u00f1a de 13 a\u00f1os denunci\u00f3 que el joven quiso abusar sexualmente de ella<\/strong>.<\/em><\/p>\n<div style=\"text-align: justify;\">\n<p>El hecho ocurri\u00f3 cuando <strong>una fan y su amiga -ambas menores de edad-<\/strong> se acercaron hasta el hotel donde se hospedaba la banda para pedirles un aut\u00f3grafo.<\/p>\n<p>El m\u00fasico accedi\u00f3 al pedido de las dos ni\u00f1as y luego las invit\u00f3 a subir a la camioneta. All\u00ed, seg\u00fan relat\u00f3 la v\u00edctima, intent\u00f3 abusar sexualmente de ella aunque solo logr\u00f3 manosearla.<\/p>\n<p>As\u00ed, la gira de los Wachiturros por el norte de la Argentina finaliz\u00f3 de manera abrupta y con un integrante de la banda detenido luego de que la familia de la menor denunciara que el joven intent\u00f3 violarla.<\/p>\n<p>Seg\u00fan confirmaron fuentes policiales, <strong>se tratar\u00eda de DJ Memo<\/strong>, quien fue indicado por la ni\u00f1a de 13 a\u00f1os como el supuesto agresor.<\/p>\n<p>La detenci\u00f3n se produjo ayer por la tarde noche en la localidad de Termas de R\u00edo Hondo, cuando la polic\u00eda local detuvo a uno de los integrantes de la banda al momento que abordaban una Traffic.<\/p>\n<p><strong>El joven qued\u00f3 a disposici\u00f3n del Juez Ra\u00fal Santucho, quien se har\u00e1 cargo de la causa por supuesto intent\u00f3 de abuso sexual.<\/strong> La familia hab\u00eda radicado la denuncia en la Comisar\u00eda 40\u00aa, luego de que la menor contara la historia.<\/p>\n<\/div>\n","protected":false},"excerpt":{"rendered":"<p>Un integrante de la banda de cumbia fue arrestado por la Polic\u00eda en la localidad de Termas de R\u00edo Hondo, luego de que una ni\u00f1a de 13 a\u00f1os denunci\u00f3 que el joven quiso abusar sexualmente de ella. El hecho ocurri\u00f3 cuando una fan y su amiga -ambas menores de edad- se acercaron hasta el hotel&hellip;<\/p>\n","protected":false},"author":1,"featured_media":0,"comment_status":"open","ping_status":"open","sticky":false,"template":"","format":"standard","meta":{"footnotes":""},"categories":[22],"tags":[783,11267,11266,1478,3767],"class_list":["post-23611","post","type-post","status-publish","format-standard","hentry","category-policiales","tag-abuso-sexual","tag-banda-de-cumbia","tag-nina-13-anos","tag-santiago-del-estero","tag-termas-de-rio-hondo"],"_links":{"self":[{"href":"https:\/\/www.elsindical.com.ar\/notas\/wp-json\/wp\/v2\/posts\/23611","targetHints":{"allow":["GET"]}}],"collection":[{"href":"https:\/\/www.elsindical.com.ar\/notas\/wp-json\/wp\/v2\/posts"}],"about":[{"href":"https:\/\/www.elsindical.com.ar\/notas\/wp-json\/wp\/v2\/types\/post"}],"author":[{"embeddable":true,"href":"https:\/\/www.elsindical.com.ar\/notas\/wp-json\/wp\/v2\/users\/1"}],"replies":[{"embeddable":true,"href":"https:\/\/www.elsindical.com.ar\/notas\/wp-json\/wp\/v2\/comments?post=23611"}],"version-history":[{"count":2,"href":"https:\/\/www.elsindical.com.ar\/notas\/wp-json\/wp\/v2\/posts\/23611\/revisions"}],"predecessor-version":[{"id":23614,"href":"https:\/\/www.elsindical.com.ar\/notas\/wp-json\/wp\/v2\/posts\/23611\/revisions\/23614"}],"wp:attachment":[{"href":"https:\/\/www.elsindical.com.ar\/notas\/wp-json\/wp\/v2\/media?parent=23611"}],"wp:term":[{"taxonomy":"category","embeddable":true,"href":"https:\/\/www.elsindical.com.ar\/notas\/wp-json\/wp\/v2\/categories?post=23611"},{"taxonomy":"post_tag","embeddable":true,"href":"https:\/\/www.elsindical.com.ar\/notas\/wp-json\/wp\/v2\/tags?post=23611"}],"curies":[{"name":"wp","href":"https:\/\/api.w.org\/{rel}","templated":true}]}}