{"id":23607,"date":"2012-05-07T11:05:36","date_gmt":"2012-05-07T14:05:36","guid":{"rendered":"http:\/\/www.elsindical.com.ar\/notas\/?p=23607"},"modified":"2012-05-07T11:06:00","modified_gmt":"2012-05-07T14:06:00","slug":"quebro-una-empresa-de-colectivos-y-ocho-lineas-dejaron-de-funcionar","status":"publish","type":"post","link":"https:\/\/www.elsindical.com.ar\/notas\/quebro-una-empresa-de-colectivos-y-ocho-lineas-dejaron-de-funcionar\/","title":{"rendered":"Quebr\u00f3 una empresa de colectivos y ocho l\u00edneas dejaron de funcionar"},"content":{"rendered":"<div style=\"text-align: justify;\">\n<p><em><a href=\"http:\/\/www.elsindical.com.ar\/notas\/var\/www\/html\/notas\/wp-content\/uploads\/2012\/05\/l\u00ednea-271.jpg\"><img loading=\"lazy\" decoding=\"async\" class=\"alignleft size-medium wp-image-23608\" title=\"l\u00ednea-271\" src=\"http:\/\/www.elsindical.com.ar\/notas\/var\/www\/html\/notas\/wp-content\/uploads\/2012\/05\/l\u00ednea-271-300x199.jpg\" alt=\"\" width=\"300\" height=\"199\" srcset=\"https:\/\/www.elsindical.com.ar\/notas\/var\/www\/html\/notas\/wp-content\/uploads\/2012\/05\/l\u00ednea-271-300x199.jpg 300w, https:\/\/www.elsindical.com.ar\/notas\/var\/www\/html\/notas\/wp-content\/uploads\/2012\/05\/l\u00ednea-271.jpg 413w\" sizes=\"auto, (max-width: 300px) 100vw, 300px\" \/><\/a>Se trata de los servicios de la<strong> firma Tomas Guido<\/strong>, que operaba los ramales <strong>9, 84, 271, 299, 373, 384, 505 y 507<\/strong>. En los pr\u00f3ximos d\u00edas la CNRT deber\u00e1 definir qu\u00e9 compa\u00f1\u00edas comenzar\u00e1n a operar esos recorridos.<\/em><\/p>\n<\/div>\n<div style=\"text-align: justify;\">\n<p>Desde el s\u00e1bado los colectivos de las l\u00edneas <strong>9, 84, 271, 299, 373, 384, 505 y 507<\/strong> est\u00e1n fuera de servicio luego de que la empresa de Transporte Tom\u00e1s Guido entrara en quiebra. Esta situaci\u00f3n afecta a miles de usuarios de Capital Federal y el Conurbano.<\/p>\n<p>La situaci\u00f3n de las unidades que circulan <strong>en la Ciudad Aut\u00f3noma de Buenos Aires (9, 25 y 84) dependen del control de la Comisi\u00f3n Nacional de Registro de Transportes<\/strong> (CNRT) y \u00e9sta deber\u00e1 decidir qu\u00e9 empresa se hace cargo de los servicios.<\/p>\n<p>En el caso de las l\u00edneas que circulan por la Provincia de Buenos Aires (<strong>271, 299, 373 y 384<\/strong>) el organismo a cargo de esta situaci\u00f3n es la<strong> Direcci\u00f3n General de Transporte<\/strong>, que ser\u00e1 quien elija la firma que retomar\u00e1n los ramales.<\/p>\n<p>Por su parte, <strong>la L\u00ednea 505 y 570, los municipios de Almirante Brown y Avellaneda<\/strong>, se encargar\u00e1n de decidir el futuro de estos servicios.<\/p>\n<p>Desde hace un mes la l\u00ednea 25 est\u00e1 fuera de servicio luego de un paro de los trabajadores y de la inhabilataci\u00f3n de unidades por parte la CNRT, que la empresa no pudo revertir. Si bien los empleados fueron reincorporados, la situaci\u00f3n no logr\u00f3 se normalizada.<\/p>\n<p>Los ch\u00f3feres dependientes de la empresa se agrupaban en las puertas de la oficina que tiene la compa\u00f1ia en la calle 29 de Setiembre y Las Piedras, en Lan\u00fas, que permanece cerrada desde el viernes al mediod\u00eda.<\/p>\n<p>Los delegados indicaron que los trabajadores permanecer\u00e1n all\u00ed, cumpliendo su horario porque as\u00ed lo indicaron \u201cdesde el sindicato\u201d, y denunciaron que ninguno de los responsables de la firma se comunic\u00f3 con ellos.<\/p>\n<\/div>\n","protected":false},"excerpt":{"rendered":"<p>Se trata de los servicios de la firma Tomas Guido, que operaba los ramales 9, 84, 271, 299, 373, 384, 505 y 507. En los pr\u00f3ximos d\u00edas la CNRT deber\u00e1 definir qu\u00e9 compa\u00f1\u00edas comenzar\u00e1n a operar esos recorridos. Desde el s\u00e1bado los colectivos de las l\u00edneas 9, 84, 271, 299, 373, 384, 505 y 507&hellip;<\/p>\n","protected":false},"author":1,"featured_media":0,"comment_status":"open","ping_status":"open","sticky":false,"template":"","format":"standard","meta":{"footnotes":""},"categories":[28],"tags":[11260,11261,11262,11263,11264,11259,5249,11258,2429,11265,376],"class_list":["post-23607","post","type-post","status-publish","format-standard","hentry","category-empresariales","tag-11260","tag-11261","tag-11262","tag-11263","tag-505-y-507","tag-11259","tag-cnrt","tag-lineas-9","tag-quiebra","tag-transporte-tomas-guido","tag-usuarios"],"_links":{"self":[{"href":"https:\/\/www.elsindical.com.ar\/notas\/wp-json\/wp\/v2\/posts\/23607","targetHints":{"allow":["GET"]}}],"collection":[{"href":"https:\/\/www.elsindical.com.ar\/notas\/wp-json\/wp\/v2\/posts"}],"about":[{"href":"https:\/\/www.elsindical.com.ar\/notas\/wp-json\/wp\/v2\/types\/post"}],"author":[{"embeddable":true,"href":"https:\/\/www.elsindical.com.ar\/notas\/wp-json\/wp\/v2\/users\/1"}],"replies":[{"embeddable":true,"href":"https:\/\/www.elsindical.com.ar\/notas\/wp-json\/wp\/v2\/comments?post=23607"}],"version-history":[{"count":2,"href":"https:\/\/www.elsindical.com.ar\/notas\/wp-json\/wp\/v2\/posts\/23607\/revisions"}],"predecessor-version":[{"id":23610,"href":"https:\/\/www.elsindical.com.ar\/notas\/wp-json\/wp\/v2\/posts\/23607\/revisions\/23610"}],"wp:attachment":[{"href":"https:\/\/www.elsindical.com.ar\/notas\/wp-json\/wp\/v2\/media?parent=23607"}],"wp:term":[{"taxonomy":"category","embeddable":true,"href":"https:\/\/www.elsindical.com.ar\/notas\/wp-json\/wp\/v2\/categories?post=23607"},{"taxonomy":"post_tag","embeddable":true,"href":"https:\/\/www.elsindical.com.ar\/notas\/wp-json\/wp\/v2\/tags?post=23607"}],"curies":[{"name":"wp","href":"https:\/\/api.w.org\/{rel}","templated":true}]}}