{"id":23528,"date":"2012-05-03T13:37:21","date_gmt":"2012-05-03T16:37:21","guid":{"rendered":"http:\/\/www.elsindical.com.ar\/notas\/?p=23528"},"modified":"2012-05-03T13:38:58","modified_gmt":"2012-05-03T16:38:58","slug":"berissola-policia-detuvo-a-osvaldo-martinez","status":"publish","type":"post","link":"https:\/\/www.elsindical.com.ar\/notas\/berissola-policia-detuvo-a-osvaldo-martinez\/","title":{"rendered":"Berisso:La polic\u00eda detuvo a Osvaldo Mart\u00ednez"},"content":{"rendered":"<p style=\"text-align: justify;\"><em><a href=\"http:\/\/www.elsindical.com.ar\/notas\/var\/www\/html\/notas\/wp-content\/uploads\/2012\/05\/Osvaldo-Mart\u00ednez-detenido.jpg\"><img loading=\"lazy\" decoding=\"async\" class=\"alignleft size-medium wp-image-23529\" title=\"Osvaldo-Mart\u00ednez-detenido\" src=\"http:\/\/www.elsindical.com.ar\/notas\/var\/www\/html\/notas\/wp-content\/uploads\/2012\/05\/Osvaldo-Mart\u00ednez-detenido-300x224.jpg\" alt=\"\" width=\"300\" height=\"224\" srcset=\"https:\/\/www.elsindical.com.ar\/notas\/var\/www\/html\/notas\/wp-content\/uploads\/2012\/05\/Osvaldo-Mart\u00ednez-detenido-300x224.jpg 300w, https:\/\/www.elsindical.com.ar\/notas\/var\/www\/html\/notas\/wp-content\/uploads\/2012\/05\/Osvaldo-Mart\u00ednez-detenido.jpg 443w\" sizes=\"auto, (max-width: 300px) 100vw, 300px\" \/><\/a>El arresto se llev\u00f3 a cabo tras la orden de captura emitida por el Fiscal <strong>\u00c1lvaro Garganta<\/strong>. Fue alojado en la Divisi\u00f3n de Casos Especiales de la Polic\u00eda provincial. La causa sufri\u00f3 un <strong>giro inesperado<\/strong> cuando un nuevo sospechoso declar\u00f3 que fue<strong> el ex novio de una de las v\u00edctimas el autor material de los cr\u00edmenes<\/strong>.<\/em><\/p>\n<div style=\"text-align: justify;\">\n<p>Mart\u00ednez fue detenido este mediod\u00eda en la localidad bonaerense de Berisso, acusado por el cu\u00e1druple crimen de las mujeres en La Plata. Seg\u00fan declar\u00f3 el ministro de Justicia y Seguridad bonaernse, <strong>Ricardo Casal<\/strong>, \u00abfue detenido cuando sal\u00eda de la casa de un amigo\u00bb.<\/p>\n<p>La presencia de Quiroga est\u00e1 probada y es el camino al esclarecimiento de la causa. Con la declaraci\u00f3n de Quiroga se sabr\u00e1 si Mart\u00ednez estuvo o no en la escena del crimen\u00bb, declar\u00f3 el fucionario bonaerense.<\/p>\n<p>M\u00e1s temprano, el abogado defensor del acusado, Julio Beley, dijo que su cliente no conoce a Quiroga y que<strong> se demostrar\u00e1 ante la Justicia la inocencia de Mart\u00ednez. <\/strong><strong>\u00abEl \u00fanico ADN en la escena es el de Quiroga\u00bb<\/strong>, dijo el letrado.<\/p>\n<p>cuestion\u00f3 la decisi\u00f3n de la fiscal\u00eda y este nuevo giro de la causa. <strong>\u00abLo que me parece raro es que se haya perdido ayer el sobreseimiento y aparezca esta pista justo hoy.<\/strong> Es la primera vez en la historia que le tomen declaraci\u00f3n a una persona a las 3 am\u00bb, dijo Beley. Al igual que el juez Atencio, el abogado confirm\u00f3 que Quiroga declar\u00f3 que vio c\u00f3mo Mart\u00ednez cometi\u00f3 los asesinatos y que \u00e9ste lo cort\u00f3 y lo oblig\u00f3 a quedarse\u00bb<\/p>\n<\/div>\n","protected":false},"excerpt":{"rendered":"<p>El arresto se llev\u00f3 a cabo tras la orden de captura emitida por el Fiscal \u00c1lvaro Garganta. Fue alojado en la Divisi\u00f3n de Casos Especiales de la Polic\u00eda provincial. La causa sufri\u00f3 un giro inesperado cuando un nuevo sospechoso declar\u00f3 que fue el ex novio de una de las v\u00edctimas el autor material de los&hellip;<\/p>\n","protected":false},"author":1,"featured_media":0,"comment_status":"open","ping_status":"open","sticky":false,"template":"","format":"standard","meta":{"footnotes":""},"categories":[22],"tags":[10004,91,11229,9182,239,9491,11230],"class_list":["post-23528","post","type-post","status-publish","format-standard","hentry","category-policiales","tag-berisso","tag-detenido","tag-division-casos-especiales-de-la-policia-provincial","tag-fiscal-alvaro-garganta","tag-la-plata","tag-osvaldo-martinez","tag-quiroga"],"_links":{"self":[{"href":"https:\/\/www.elsindical.com.ar\/notas\/wp-json\/wp\/v2\/posts\/23528","targetHints":{"allow":["GET"]}}],"collection":[{"href":"https:\/\/www.elsindical.com.ar\/notas\/wp-json\/wp\/v2\/posts"}],"about":[{"href":"https:\/\/www.elsindical.com.ar\/notas\/wp-json\/wp\/v2\/types\/post"}],"author":[{"embeddable":true,"href":"https:\/\/www.elsindical.com.ar\/notas\/wp-json\/wp\/v2\/users\/1"}],"replies":[{"embeddable":true,"href":"https:\/\/www.elsindical.com.ar\/notas\/wp-json\/wp\/v2\/comments?post=23528"}],"version-history":[{"count":3,"href":"https:\/\/www.elsindical.com.ar\/notas\/wp-json\/wp\/v2\/posts\/23528\/revisions"}],"predecessor-version":[{"id":23532,"href":"https:\/\/www.elsindical.com.ar\/notas\/wp-json\/wp\/v2\/posts\/23528\/revisions\/23532"}],"wp:attachment":[{"href":"https:\/\/www.elsindical.com.ar\/notas\/wp-json\/wp\/v2\/media?parent=23528"}],"wp:term":[{"taxonomy":"category","embeddable":true,"href":"https:\/\/www.elsindical.com.ar\/notas\/wp-json\/wp\/v2\/categories?post=23528"},{"taxonomy":"post_tag","embeddable":true,"href":"https:\/\/www.elsindical.com.ar\/notas\/wp-json\/wp\/v2\/tags?post=23528"}],"curies":[{"name":"wp","href":"https:\/\/api.w.org\/{rel}","templated":true}]}}