{"id":23507,"date":"2012-05-02T11:04:43","date_gmt":"2012-05-02T14:04:43","guid":{"rendered":"http:\/\/www.elsindical.com.ar\/notas\/?p=23507"},"modified":"2012-05-02T11:04:43","modified_gmt":"2012-05-02T14:04:43","slug":"caballitouna-panaderia-suma-16-robos-a-mano-armada","status":"publish","type":"post","link":"https:\/\/www.elsindical.com.ar\/notas\/caballitouna-panaderia-suma-16-robos-a-mano-armada\/","title":{"rendered":"Caballito:Una panader\u00eda suma 16 robos a mano armada"},"content":{"rendered":"<p style=\"text-align: justify;\"><em><a href=\"http:\/\/www.elsindical.com.ar\/notas\/var\/www\/html\/notas\/wp-content\/uploads\/2012\/05\/robo-panader\u00eda-Caballito.jpg\"><img loading=\"lazy\" decoding=\"async\" class=\"alignleft size-full wp-image-23508\" title=\"robo-panader\u00eda-Caballito\" src=\"http:\/\/www.elsindical.com.ar\/notas\/var\/www\/html\/notas\/wp-content\/uploads\/2012\/05\/robo-panader\u00eda-Caballito.jpg\" alt=\"\" width=\"282\" height=\"197\" \/><\/a>El \u00faltimo robo ocurri\u00f3 ayer hacia el mediod\u00eda, cuando tres delincuentes armados irrumpieron en el local. Se llevaron la recaudaci\u00f3n y redujeron al personal.<strong> \u00abTomaron a mi esposa de los pelos como reh\u00e9n\u00bb<\/strong>, relat\u00f3 el due\u00f1o del local. Ayer se registr\u00f3 un asalto y tiroteo en una confiter\u00eda de Palermo<\/em>.<\/p>\n<div style=\"text-align: justify;\">\n<p>En di\u00e1logo con <strong>C5N<\/strong>, el due\u00f1o de la panader\u00eda denunci\u00f3 la falta de seguridad y la ausencia de la Polic\u00eda. \u00abNo s\u00e9 c\u00f3mo reaccionar o qu\u00e9 hacer. Las autoridades siempre llegan tarde\u00bb, se quej\u00f3 el comerciante.<strong> \u00abTendr\u00edan que tener m\u00ednimo un agente, cosa que no hay\u00bb<\/strong>, agreg\u00f3.<\/p>\n<p>Asimismo, detall\u00f3 que los delincuentes se llevaron el dinero de la recaudaci\u00f3n, relojes y carteras de los clientes. <strong>\u00abTomaron de los pelos a mi esposa como reh\u00e9n\u00bb<\/strong>, detall\u00f3 el due\u00f1o de la panader\u00eda. Entre otras cosas, dijo que el primer asalto del que fue v\u00edctima ocurri\u00f3 en noviembre de 2006 y, a partir de ah\u00ed, la serie de robos no se detuvo. \u00abEsto es carne de ca\u00f1\u00f3n y desgraciadamente tengo que trabajar\u00bb, se quej\u00f3.<\/p>\n<p>\u201cTengo c\u00e1maras de seguridad, una parte qued\u00f3 filmada y otra no\u201d, relat\u00f3. <strong>El hecho sucedi\u00f3 ayer, en pleno mediod\u00eda, en un local ubicado en la avenida Rivadavia al 5800<\/strong>, en el barrio de Caballito. Con este, ya son 16 las veces que el comercio fue asaltado. \u201cEstamos en una zona importante. La comisar\u00eda 12\u00aa\u00a0 est\u00e1 a tres cuadras y hay un destacamento policial a 2 cuadras\u201d, afirm\u00f3.<\/p>\n<p>Los tres delincuentes estuvieron cerca de <strong>20 minutos en ese comercio <\/strong>y ya con el bot\u00edn en la mano, se dieron a la fuga por la avenida Rivadavia. \u00abEspero que de una vez por todas las autoridades tomen cartas en el asunto y trabajen como tienen que trabajar, sea la Polic\u00eda Federal o la Metropolitana. Si no, me voy a terminar armando yo y poni\u00e9ndome de custodia\u00bb.<\/p>\n<p>&nbsp;<\/p>\n<p>Fotograf\u00eda: Tv<\/p>\n<\/div>\n","protected":false},"excerpt":{"rendered":"<p>El \u00faltimo robo ocurri\u00f3 ayer hacia el mediod\u00eda, cuando tres delincuentes armados irrumpieron en el local. Se llevaron la recaudaci\u00f3n y redujeron al personal. \u00abTomaron a mi esposa de los pelos como reh\u00e9n\u00bb, relat\u00f3 el due\u00f1o del local. Ayer se registr\u00f3 un asalto y tiroteo en una confiter\u00eda de Palermo. En di\u00e1logo con C5N, el&hellip;<\/p>\n","protected":false},"author":1,"featured_media":0,"comment_status":"open","ping_status":"open","sticky":false,"template":"","format":"standard","meta":{"footnotes":""},"categories":[22],"tags":[400,2353,9439,3987,958,116],"class_list":["post-23507","post","type-post","status-publish","format-standard","hentry","category-policiales","tag-caballito","tag-clientes","tag-cria-12","tag-panaderia","tag-policia-federal","tag-robo"],"_links":{"self":[{"href":"https:\/\/www.elsindical.com.ar\/notas\/wp-json\/wp\/v2\/posts\/23507","targetHints":{"allow":["GET"]}}],"collection":[{"href":"https:\/\/www.elsindical.com.ar\/notas\/wp-json\/wp\/v2\/posts"}],"about":[{"href":"https:\/\/www.elsindical.com.ar\/notas\/wp-json\/wp\/v2\/types\/post"}],"author":[{"embeddable":true,"href":"https:\/\/www.elsindical.com.ar\/notas\/wp-json\/wp\/v2\/users\/1"}],"replies":[{"embeddable":true,"href":"https:\/\/www.elsindical.com.ar\/notas\/wp-json\/wp\/v2\/comments?post=23507"}],"version-history":[{"count":1,"href":"https:\/\/www.elsindical.com.ar\/notas\/wp-json\/wp\/v2\/posts\/23507\/revisions"}],"predecessor-version":[{"id":23509,"href":"https:\/\/www.elsindical.com.ar\/notas\/wp-json\/wp\/v2\/posts\/23507\/revisions\/23509"}],"wp:attachment":[{"href":"https:\/\/www.elsindical.com.ar\/notas\/wp-json\/wp\/v2\/media?parent=23507"}],"wp:term":[{"taxonomy":"category","embeddable":true,"href":"https:\/\/www.elsindical.com.ar\/notas\/wp-json\/wp\/v2\/categories?post=23507"},{"taxonomy":"post_tag","embeddable":true,"href":"https:\/\/www.elsindical.com.ar\/notas\/wp-json\/wp\/v2\/tags?post=23507"}],"curies":[{"name":"wp","href":"https:\/\/api.w.org\/{rel}","templated":true}]}}