{"id":23459,"date":"2012-04-30T14:19:20","date_gmt":"2012-04-30T17:19:20","guid":{"rendered":"http:\/\/www.elsindical.com.ar\/notas\/?p=23459"},"modified":"2012-04-30T14:19:20","modified_gmt":"2012-04-30T17:19:20","slug":"por-estres-piden-liberar-a-joven-que-causo-una-tragedia","status":"publish","type":"post","link":"https:\/\/www.elsindical.com.ar\/notas\/por-estres-piden-liberar-a-joven-que-causo-una-tragedia\/","title":{"rendered":"Por \u201cestr\u00e9s\u201d piden liberar a joven que caus\u00f3 una tragedia"},"content":{"rendered":"<p style=\"text-align: justify;\"><em><a href=\"http:\/\/www.elsindical.com.ar\/notas\/var\/www\/html\/notas\/wp-content\/uploads\/2012\/02\/accidente-en-Banfield.jpg\"><img loading=\"lazy\" decoding=\"async\" class=\"alignleft size-medium wp-image-21027\" title=\"accidente-en-Banfield\" src=\"http:\/\/www.elsindical.com.ar\/notas\/var\/www\/html\/notas\/wp-content\/uploads\/2012\/02\/accidente-en-Banfield-300x225.jpg\" alt=\"\" width=\"300\" height=\"225\" srcset=\"https:\/\/www.elsindical.com.ar\/notas\/var\/www\/html\/notas\/wp-content\/uploads\/2012\/02\/accidente-en-Banfield-300x225.jpg 300w, https:\/\/www.elsindical.com.ar\/notas\/var\/www\/html\/notas\/wp-content\/uploads\/2012\/02\/accidente-en-Banfield.jpg 413w\" sizes=\"auto, (max-width: 300px) 100vw, 300px\" \/><\/a>La familia del adolescente de 15 a\u00f1os, que hace tres meses le sac\u00f3 el auto a su abuela sin permiso y caus\u00f3 una tragedia vial con dos muertos -incluido su amigo-, pidieron su libertad definitiva, ya que desde el episodio se encuentra con arresto domiciliario.<\/em><\/p>\n<p style=\"text-align: justify;\">Los allegados del joven sostienen que el Fiscal del caso es un \u201cirresponsable\u201d y justificaron su pedido en el \u201cestr\u00e9s\u201d que padece el responsable del drama. Una de las causas es la \u201chostilidad\u201d hacia el muchacho en la escuela y el barrio.<\/p>\n<p style=\"text-align: justify;\">En declaraciones period\u00edsticas, Mart\u00edn Sarubbi, el abogado defensor del menor, el Fiscal del caso es un \u201cirresponsable\u201d por la decisi\u00f3n que tom\u00f3 de dictarle arresto domiciliaria, al tiempo que afirma que el chico \u201cno est\u00e1 preparado psicol\u00f3gicamente\u201d para afrontar lo sucedido, pese a que las pericias psicol\u00f3gicas demuestran la voluntad del joven en asumir su responsabilidad.<\/p>\n<p style=\"text-align: justify;\">Andrea, madre del acusado, explic\u00f3 que su hijo Juan \u201cno est\u00e1 estudiando, por el momento, dado que la comunidad educativa ha demostrado cierta hostilidad, igual que el hermano mayor que recibi\u00f3 amenazas, agravios y agresiones. Toda la familia est\u00e1 muy afectada\u201d. Los Fiscales y el Juez le otorgaron al menor un \u201carresto domiciliario con permisos\u201d para escolarizarse y asistirse m\u00e9dicamente.<\/p>\n<p style=\"text-align: justify;\">\u201cLa Justicia est\u00e1 obligada a sobreseer al menor. A pesar de eso, nos sometimos voluntariamente al proceso de mediaci\u00f3n a fin de que el menor se responsabilice, pero el fiscal irresponsable e inexplicablemente se opuso\u201d, remarc\u00f3 Sarubbi. Los Fiscales a cargo de la causa, Jorge Venzano y Mar\u00eda Cristina Luzuriaga, explicaron el motivo del rechazo, indicando que \u201cefectivamente la defensa del chico present\u00f3 una mediaci\u00f3n, pero no fue aceptada y esto fue resuelto de manera favorable por el Juez de Garant\u00edas N\u00ba 3 Luis Miguel Gabian.<\/p>\n","protected":false},"excerpt":{"rendered":"<p>La familia del adolescente de 15 a\u00f1os, que hace tres meses le sac\u00f3 el auto a su abuela sin permiso y caus\u00f3 una tragedia vial con dos muertos -incluido su amigo-, pidieron su libertad definitiva, ya que desde el episodio se encuentra con arresto domiciliario. Los allegados del joven sostienen que el Fiscal del caso&hellip;<\/p>\n","protected":false},"author":1,"featured_media":0,"comment_status":"open","ping_status":"open","sticky":false,"template":"","format":"standard","meta":{"footnotes":""},"categories":[20],"tags":[11198,2326,11200,11201,11202,11199,223],"class_list":["post-23459","post","type-post","status-publish","format-standard","hentry","category-judiciales","tag-barrio-tragedia","tag-estres","tag-fiscal-jorge-venzano","tag-fiscal-maria-cristina-luzuriaga","tag-juez-luis-miguel-gabian","tag-martin-sarubbi","tag-menor"],"_links":{"self":[{"href":"https:\/\/www.elsindical.com.ar\/notas\/wp-json\/wp\/v2\/posts\/23459","targetHints":{"allow":["GET"]}}],"collection":[{"href":"https:\/\/www.elsindical.com.ar\/notas\/wp-json\/wp\/v2\/posts"}],"about":[{"href":"https:\/\/www.elsindical.com.ar\/notas\/wp-json\/wp\/v2\/types\/post"}],"author":[{"embeddable":true,"href":"https:\/\/www.elsindical.com.ar\/notas\/wp-json\/wp\/v2\/users\/1"}],"replies":[{"embeddable":true,"href":"https:\/\/www.elsindical.com.ar\/notas\/wp-json\/wp\/v2\/comments?post=23459"}],"version-history":[{"count":2,"href":"https:\/\/www.elsindical.com.ar\/notas\/wp-json\/wp\/v2\/posts\/23459\/revisions"}],"predecessor-version":[{"id":23461,"href":"https:\/\/www.elsindical.com.ar\/notas\/wp-json\/wp\/v2\/posts\/23459\/revisions\/23461"}],"wp:attachment":[{"href":"https:\/\/www.elsindical.com.ar\/notas\/wp-json\/wp\/v2\/media?parent=23459"}],"wp:term":[{"taxonomy":"category","embeddable":true,"href":"https:\/\/www.elsindical.com.ar\/notas\/wp-json\/wp\/v2\/categories?post=23459"},{"taxonomy":"post_tag","embeddable":true,"href":"https:\/\/www.elsindical.com.ar\/notas\/wp-json\/wp\/v2\/tags?post=23459"}],"curies":[{"name":"wp","href":"https:\/\/api.w.org\/{rel}","templated":true}]}}