{"id":23416,"date":"2012-04-29T12:21:21","date_gmt":"2012-04-29T15:21:21","guid":{"rendered":"http:\/\/www.elsindical.com.ar\/notas\/?p=23416"},"modified":"2012-04-29T12:21:21","modified_gmt":"2012-04-29T15:21:21","slug":"pilardetienen-a-playero-que-intento-evitar-un-robo-acusado-de-homicidio-simple","status":"publish","type":"post","link":"https:\/\/www.elsindical.com.ar\/notas\/pilardetienen-a-playero-que-intento-evitar-un-robo-acusado-de-homicidio-simple\/","title":{"rendered":"Pilar:Detienen a playero que intent\u00f3 evitar un robo, acusado de homicidio simple"},"content":{"rendered":"<p style=\"text-align: justify;\"><em><a href=\"http:\/\/www.elsindical.com.ar\/notas\/var\/www\/html\/notas\/wp-content\/uploads\/2010\/05\/disparo1.jpg\"><img loading=\"lazy\" decoding=\"async\" class=\"alignleft size-full wp-image-6876\" title=\"disparo1\" src=\"http:\/\/www.elsindical.com.ar\/notas\/var\/www\/html\/notas\/wp-content\/uploads\/2010\/05\/disparo1.jpg\" alt=\"\" width=\"236\" height=\"135\" \/><\/a>Un hombre que trabaja como playero de un garaje privado fue detenido en el partido bonaerense de Pilar acusado de matar a un \u00abmotochorro\u00bb que entr\u00f3 a robar en un comercio de telefon\u00eda, informaron hoy fuentes policiales y judiciales.<\/em><\/p>\n<p style=\"text-align: justify;\">El hecho ocurri\u00f3 ayer, alrededor de las 19.30, en la calle San Mart\u00edn 703, esquina Lorenzo L\u00f3pez, a pocos metros de la plaza central de esa localidad del norte del conurbano, donde dos delincuentes ingresaron a un local de venta de accesorios para tel\u00e9fonos de la empresa Movistar.<\/p>\n<p style=\"text-align: justify;\">En ese momento, el playero del estacionamiento, identificado como Carlos Alberto G\u00f3mez (57), recibi\u00f3 un alerta mediante un sistema de alarma que tienen los comercios de la zona c\u00e9ntrica de Pilar cuando ocurre alg\u00fan robo en alguno de ellos. Fuentes policiales y judiciales informaron que el hombre sali\u00f3 a la vereda, observ\u00f3 que dos j\u00f3venes estaban escapando del local lindero a bordo de una moto tras robar, al menos, dos notebooks, y les dispar\u00f3.<\/p>\n<p style=\"text-align: justify;\">A ra\u00edz de los balazos, uno de los delincuentes, identificado por la Polic\u00eda como Facundo Manuel Varela (19), oriundo de San Luis, recibi\u00f3 un impacto en la espalda, por lo que una cuadra despu\u00e9s cay\u00f3 de la moto y muri\u00f3 por las lesiones sufridas.<\/p>\n<p style=\"text-align: justify;\">Seg\u00fan las fuentes, al solicitar los antecedentes de Varela establecieron que ten\u00eda varias causas penales por otros hechos delictivos.<\/p>\n<p style=\"text-align: justify;\">En tanto, un joven identificado como Jonathan Miguel Carrizo (22) fue detenido horas despu\u00e9s del hecho por efectivos de la Delegaci\u00f3n Departamental de Investigaciones (DDI) de Pilar en la calle Chile al 300 de esa localidad y qued\u00f3 acusado por el delito de \u00abrobo calificado\u00bb.<\/p>\n<p style=\"text-align: justify;\">Seg\u00fan las fuentes, los efectivos de la comisar\u00eda 1ra. del mismo distrito secuestraron una moto marca Brava, de color negra, que estaba oculta en un campo cercano al Parque Industrial de la zona.<\/p>\n<p style=\"text-align: justify;\">Seg\u00fan declar\u00f3 G\u00f3mez ante el Fiscal Daniel M\u00e1rquez, de la Unidad Funcional de Instrucci\u00f3n (UFI) 2 de Pilar, uno de los asaltantes lo apunt\u00f3 con un arma, por lo que \u00e9l extrajo una pistola marca Bersa calibre 380 con la que efectu\u00f3 varios disparos.<\/p>\n<p style=\"text-align: justify;\">Sin embargo, la \u00fanica arma de fuego secuestrada por los pesquisas fue la de G\u00f3mez debido a que no hallaron ning\u00fan arma de fuego en el lugar del hecho, aunque creen que el delincuente que escap\u00f3 pudo haberla descartado durante la hu\u00edda.<\/p>\n<p style=\"text-align: justify;\">Tras la indagatoria, el comerciante qued\u00f3 alojado en la comisar\u00eda 1ra. de Pilar, imputado por \u00abhomicidio simple\u00bb a disposici\u00f3n del Juzgado de Garant\u00edas y esta tarde se realizaba la autopsia del cad\u00e1ver de Varela para determinar si el balazo efectivamente el ladr\u00f3n lo recibi\u00f3 por la espalda.<\/p>\n","protected":false},"excerpt":{"rendered":"<p>Un hombre que trabaja como playero de un garaje privado fue detenido en el partido bonaerense de Pilar acusado de matar a un \u00abmotochorro\u00bb que entr\u00f3 a robar en un comercio de telefon\u00eda, informaron hoy fuentes policiales y judiciales. El hecho ocurri\u00f3 ayer, alrededor de las 19.30, en la calle San Mart\u00edn 703, esquina Lorenzo&hellip;<\/p>\n","protected":false},"author":1,"featured_media":0,"comment_status":"open","ping_status":"open","sticky":false,"template":"","format":"standard","meta":{"footnotes":""},"categories":[22],"tags":[11172,894,11173,11171,11174,1411,116],"class_list":["post-23416","post","type-post","status-publish","format-standard","hentry","category-policiales","tag-carlos-alberto-gomez","tag-disparos","tag-facundo-manuel-varela","tag-garaje","tag-jonathan-miguel-carrizo","tag-pilar","tag-robo"],"_links":{"self":[{"href":"https:\/\/www.elsindical.com.ar\/notas\/wp-json\/wp\/v2\/posts\/23416","targetHints":{"allow":["GET"]}}],"collection":[{"href":"https:\/\/www.elsindical.com.ar\/notas\/wp-json\/wp\/v2\/posts"}],"about":[{"href":"https:\/\/www.elsindical.com.ar\/notas\/wp-json\/wp\/v2\/types\/post"}],"author":[{"embeddable":true,"href":"https:\/\/www.elsindical.com.ar\/notas\/wp-json\/wp\/v2\/users\/1"}],"replies":[{"embeddable":true,"href":"https:\/\/www.elsindical.com.ar\/notas\/wp-json\/wp\/v2\/comments?post=23416"}],"version-history":[{"count":2,"href":"https:\/\/www.elsindical.com.ar\/notas\/wp-json\/wp\/v2\/posts\/23416\/revisions"}],"predecessor-version":[{"id":23418,"href":"https:\/\/www.elsindical.com.ar\/notas\/wp-json\/wp\/v2\/posts\/23416\/revisions\/23418"}],"wp:attachment":[{"href":"https:\/\/www.elsindical.com.ar\/notas\/wp-json\/wp\/v2\/media?parent=23416"}],"wp:term":[{"taxonomy":"category","embeddable":true,"href":"https:\/\/www.elsindical.com.ar\/notas\/wp-json\/wp\/v2\/categories?post=23416"},{"taxonomy":"post_tag","embeddable":true,"href":"https:\/\/www.elsindical.com.ar\/notas\/wp-json\/wp\/v2\/tags?post=23416"}],"curies":[{"name":"wp","href":"https:\/\/api.w.org\/{rel}","templated":true}]}}