{"id":23412,"date":"2012-04-29T12:08:07","date_gmt":"2012-04-29T15:08:07","guid":{"rendered":"http:\/\/www.elsindical.com.ar\/notas\/?p=23412"},"modified":"2012-04-29T12:08:07","modified_gmt":"2012-04-29T15:08:07","slug":"quien-es-el-poliladron-de-la-quinta-de-olivos","status":"publish","type":"post","link":"https:\/\/www.elsindical.com.ar\/notas\/quien-es-el-poliladron-de-la-quinta-de-olivos\/","title":{"rendered":"Qui\u00e9n es el poliladron de la Quinta de Olivos"},"content":{"rendered":"<p style=\"text-align: justify;\"><em><a href=\"http:\/\/www.elsindical.com.ar\/notas\/var\/www\/html\/notas\/wp-content\/uploads\/2012\/04\/Sargento-Mauro-Coiti\u00f1o.jpg\"><img loading=\"lazy\" decoding=\"async\" class=\"alignleft size-medium wp-image-23413\" title=\"Sargento-Mauro-Coiti\u00f1o\" src=\"http:\/\/www.elsindical.com.ar\/notas\/var\/www\/html\/notas\/wp-content\/uploads\/2012\/04\/Sargento-Mauro-Coiti\u00f1o-300x206.jpg\" alt=\"\" width=\"300\" height=\"206\" srcset=\"https:\/\/www.elsindical.com.ar\/notas\/var\/www\/html\/notas\/wp-content\/uploads\/2012\/04\/Sargento-Mauro-Coiti\u00f1o-300x206.jpg 300w, https:\/\/www.elsindical.com.ar\/notas\/var\/www\/html\/notas\/wp-content\/uploads\/2012\/04\/Sargento-Mauro-Coiti\u00f1o.jpg 531w\" sizes=\"auto, (max-width: 300px) 100vw, 300px\" \/><\/a>Mauro Coiti\u00f1o fue baleado tras robar el mismo banco dos d\u00edas seguidos. <strong>Sus deudas.<\/strong><\/em><\/p>\n<p style=\"text-align: justify;\">Eran sus \u00faltimos d\u00edas de vacaciones antes de reincorporarse a la fuerza\u00a0 policial. Sin embargo, <strong>Mauro Daniel Coiti\u00f1o Correa<\/strong> (30), sargento de la\u00a0 Polic\u00eda bonaerense, decidi\u00f3 terminar su descanso con un doble robo en su\u00a0 barrio de or\u00edgen.<\/p>\n<p style=\"text-align: justify;\">Fuentes judiciales y policiales indican que Coiti\u00f1o\u00a0 asalt\u00f3 la sucursal Ituzaing\u00f3 del Banco Franc\u00e9s el lunes y el martes\u00a0 pasado. La primera vez, lleg\u00f3 hasta la l\u00ednea de cajas, amenaz\u00f3 con su\u00a0 arma a los empleados y se llev\u00f3 tres mil pesos. La segunda, ingres\u00f3 a\u00a0 las 14:55, minutos antes del cierre, dispar\u00f3 al aire y logr\u00f3 hacerse con\u00a0 2500 pesos, un bot\u00edn nada notorio.<\/p>\n<p style=\"text-align: justify;\">No hubo escape: el custodio del banco tras darle la voz de alto le\u00a0 dispar\u00f3 en una pierna. Luego, fue detenido. Sin embargo, la mayor\u00a0 curiosidad en todo esto es d\u00f3nde se desempe\u00f1a Coiti\u00f1o.<strong> Natalia Narmona\u00a0 Luppi<\/strong>, fiscal a cargo de la causa, indica a <strong>Perfil.com<\/strong>: \u201cTengo entendido\u00a0 que Coiti\u00f1o est\u00e1 actualmente en la divisi\u00f3n Custodia de la Quinta\u00a0 presidencial\u201d.<\/p>\n<p style=\"text-align: justify;\">Coiti\u00f1o cumpl\u00eda funciones en la Quinta hace al menos un a\u00f1o. Su tarea era sencilla: vigilar desde las garitas en las esquinas. En Olivos, de la pared hacia adentro, es jurisdicci\u00f3n de la Federal.<\/p>\n<p style=\"text-align: justify;\">Hoy, imputado por robo calificado con arma de fuego, el sargento se\u00a0 recupera en la habitaci\u00f3n 471 del Hospital de Haedo, donde espera una\u00a0 intervenci\u00f3n quir\u00fargica y una pr\u00f3tesis. No cometi\u00f3 su combo delictivo\u00a0 con cualquier arma. Narmona Luppi agrega: \u201cLo hizo con su nueve\u00a0 mil\u00edmetros reglamentaria\u201d. Coiti\u00f1o habr\u00eda actuado sin c\u00f3mplices. La\u00a0 fiscal ya requiri\u00f3 su legajo y sus antecedentes penales: \u201cSi es polic\u00eda,\u00a0 no deber\u00eda tenerlos\u201d.<\/p>\n<p style=\"text-align: justify;\">En pareja y con un hijo de un a\u00f1o, con domicilio en Merlo, hincha de San Lorenzo, amante de las motos, la cumbia y el heavy metal, Coiti\u00f1o \u2013seg\u00fan el Bolet\u00edn Informativo del Ministerio de Seguridad bonaerense\u2013 ingres\u00f3 a la Bonaerense en 2006 tras trabajar en una empresa dedicada a torner\u00eda y matricer\u00eda. En abril de ese a\u00f1o, ingres\u00f3 al Curso de Formaci\u00f3n Inicial en la Sede Descentralizada de Formaci\u00f3n Policial Mar del Plata.<\/p>\n<p style=\"text-align: justify;\">Al parecer, el estudio no fue su fuerte: en 2009 fue declarado en\u00a0 condici\u00f3n de pasante por deber materias de la Tecnicatura Superior en\u00a0 Seguridad P\u00fablica.<\/p>\n<p style=\"text-align: justify;\">De todas formas, Coiti\u00f1o ya estaba afectado a la\u00a0 divisi\u00f3n de Custodia en Mor\u00f3n. De vuelta en Ituzaing\u00f3, su madre, Gloria,\u00a0 est\u00e1 devastada: \u201cSomos una familia honesta y todo el pa\u00eds est\u00e1\u00a0 defenestrando a mi hijo\u201d. Por lo pronto, a trav\u00e9s de su muro de\u00a0 Facebook, Gloria se encomienda a la V\u00edrgen.<\/p>\n<p style=\"text-align: justify;\">\u00bfCu\u00e1l es fue el m\u00f3vil de ambos robos? La fiscal a\u00fan no lo sabe:\u00a0 \u201cCoiti\u00f1o se neg\u00f3 a declarar\u201d, afirma. Sin embargo, las cuentas del\u00a0 polic\u00eda est\u00e1n en rojo. Seg\u00fan datos del Banco Central, adeuda 22 mil\u00a0 pesos en pr\u00e9stamos personales, 4 mil pesos al Banco Columbia y m\u00e1s de 18\u00a0 mil al Banco Provincia de Buenos Aires, por el cual acusa un atraso de\u00a0 casi dos meses en el pago.<\/p>\n<p style=\"text-align: justify;\">\n<p style=\"text-align: justify;\"><strong>Fuente Perfil.com<\/strong><\/p>\n","protected":false},"excerpt":{"rendered":"<p>Mauro Coiti\u00f1o fue baleado tras robar el mismo banco dos d\u00edas seguidos. Sus deudas. Eran sus \u00faltimos d\u00edas de vacaciones antes de reincorporarse a la fuerza\u00a0 policial. Sin embargo, Mauro Daniel Coiti\u00f1o Correa (30), sargento de la\u00a0 Polic\u00eda bonaerense, decidi\u00f3 terminar su descanso con un doble robo en su\u00a0 barrio de or\u00edgen. Fuentes judiciales y&hellip;<\/p>\n","protected":false},"author":1,"featured_media":0,"comment_status":"open","ping_status":"open","sticky":false,"template":"","format":"standard","meta":{"footnotes":""},"categories":[22],"tags":[3119,11169,1571,3307,749,11170,11168],"class_list":["post-23412","post","type-post","status-publish","format-standard","hentry","category-policiales","tag-arma-reglamentaria","tag-banco-collumbia","tag-banco-provincia","tag-deudas","tag-policia-bonaerense","tag-prestamos","tag-sargento-mauro-daniel-coitino-correa"],"_links":{"self":[{"href":"https:\/\/www.elsindical.com.ar\/notas\/wp-json\/wp\/v2\/posts\/23412","targetHints":{"allow":["GET"]}}],"collection":[{"href":"https:\/\/www.elsindical.com.ar\/notas\/wp-json\/wp\/v2\/posts"}],"about":[{"href":"https:\/\/www.elsindical.com.ar\/notas\/wp-json\/wp\/v2\/types\/post"}],"author":[{"embeddable":true,"href":"https:\/\/www.elsindical.com.ar\/notas\/wp-json\/wp\/v2\/users\/1"}],"replies":[{"embeddable":true,"href":"https:\/\/www.elsindical.com.ar\/notas\/wp-json\/wp\/v2\/comments?post=23412"}],"version-history":[{"count":2,"href":"https:\/\/www.elsindical.com.ar\/notas\/wp-json\/wp\/v2\/posts\/23412\/revisions"}],"predecessor-version":[{"id":23415,"href":"https:\/\/www.elsindical.com.ar\/notas\/wp-json\/wp\/v2\/posts\/23412\/revisions\/23415"}],"wp:attachment":[{"href":"https:\/\/www.elsindical.com.ar\/notas\/wp-json\/wp\/v2\/media?parent=23412"}],"wp:term":[{"taxonomy":"category","embeddable":true,"href":"https:\/\/www.elsindical.com.ar\/notas\/wp-json\/wp\/v2\/categories?post=23412"},{"taxonomy":"post_tag","embeddable":true,"href":"https:\/\/www.elsindical.com.ar\/notas\/wp-json\/wp\/v2\/tags?post=23412"}],"curies":[{"name":"wp","href":"https:\/\/api.w.org\/{rel}","templated":true}]}}