{"id":23360,"date":"2012-04-27T11:49:56","date_gmt":"2012-04-27T14:49:56","guid":{"rendered":"http:\/\/www.elsindical.com.ar\/notas\/?p=23360"},"modified":"2012-04-27T11:49:56","modified_gmt":"2012-04-27T14:49:56","slug":"balvaneragarre-inauguro-centro-de-monitoreo","status":"publish","type":"post","link":"https:\/\/www.elsindical.com.ar\/notas\/balvaneragarre-inauguro-centro-de-monitoreo\/","title":{"rendered":"Balvanera:Garr\u00e9 inaugur\u00f3 centro de monitoreo"},"content":{"rendered":"<p style=\"text-align: justify;\"><em><a href=\"http:\/\/www.elsindical.com.ar\/notas\/var\/www\/html\/notas\/wp-content\/uploads\/2012\/04\/Garr\u00e9-y-Capdevilla.jpg\"><img loading=\"lazy\" decoding=\"async\" class=\"alignleft size-medium wp-image-23361\" title=\"Garr\u00e9-y-Capdevilla\" src=\"http:\/\/www.elsindical.com.ar\/notas\/var\/www\/html\/notas\/wp-content\/uploads\/2012\/04\/Garr\u00e9-y-Capdevilla-300x200.jpg\" alt=\"\" width=\"300\" height=\"200\" srcset=\"https:\/\/www.elsindical.com.ar\/notas\/var\/www\/html\/notas\/wp-content\/uploads\/2012\/04\/Garr\u00e9-y-Capdevilla-300x200.jpg 300w, https:\/\/www.elsindical.com.ar\/notas\/var\/www\/html\/notas\/wp-content\/uploads\/2012\/04\/Garr\u00e9-y-Capdevilla.jpg 531w\" sizes=\"auto, (max-width: 300px) 100vw, 300px\" \/><\/a>La ministra de Seguridad de la Naci\u00f3n, Nilda Garr\u00e9, inaugur\u00f3\u00a0un moderno centro de video vigilancia ubicado en la comisar\u00eda 20\u00b0 de la Polic\u00eda Federal Argentina, barrios de Balvanera y San Crist\u00f3bal.<\/em><\/p>\n<p style=\"text-align: justify;\">Desde este nuevo nodo se monitorean 120 c\u00e1maras de alta definici\u00f3n distribuidas en 30 puntos de la jurisdicci\u00f3n: 30 intersecciones de calles con visi\u00f3n en los cuatro accesos al cruce.<\/p>\n<p style=\"text-align: justify;\">Esta nueva etapa del desarrollo del programa \u201cBuenos Aires Ciudad Segura\u201d dise\u00f1ado por el Ministerio de Seguridad, se agrega al centro de video vigilancia puesto en marcha en diciembre de 2011 en la comisar\u00eda 16\u00b0, barrio de Constituci\u00f3n.<\/p>\n<p style=\"text-align: justify;\">\u201cLa tecnolog\u00eda ofrece una posibilidad asombrosa en la prevenci\u00f3n del crimen y la asistencia a Jueces y Fiscales para resolver delitos\u201d, se\u00f1al\u00f3 Garr\u00e9 en di\u00e1logo con los miembros de la Mesa de Participaci\u00f3n Comunitaria en Seguridad de la comuna III, que asistieron a la inauguraci\u00f3n de las nuevas instalaciones.<\/p>\n<p style=\"text-align: justify;\">Las c\u00e1maras de seguridad son operadas por personal especializado vinculado directamente con el Centro de Despacho del Comando Radioel\u00e9ctrico (l\u00ednea telef\u00f3nica 911).<\/p>\n<p style=\"text-align: justify;\">La actividad de este centro es de 24 horas todos los d\u00edas del a\u00f1o y consiste en el monitoreo activo y preventivo, dando alerta a efectivos y patrulleros de esa jurisdicci\u00f3n para la detecci\u00f3n y atenci\u00f3n temprana de los incidentes.<\/p>\n<p style=\"text-align: justify;\">\u201cLa seguridad es un derecho garantizado en la Constituci\u00f3n Nacional, todos los actores del Estado debemos articular pol\u00edticas para mejorarla\u201d, dijo la ministra Garr\u00e9.<\/p>\n<p style=\"text-align: justify;\">La titular de la cartera de Seguridad estuvo acompa\u00f1ada por subsecretarios de Investigaci\u00f3n del Delito Complejo y Organizado, Miguel Robles y de Articulaci\u00f3n Legislativa, Gustavo Sibilla, el coordinador de Fiscalizaci\u00f3n de las Instituciones del ministerio de Seguridad, Ricardo Dios; y el jefe y subjefe de la PFA, Comisarios Generales Enrique Capdevilla y Alejandro Di Nizo.<\/p>\n","protected":false},"excerpt":{"rendered":"<p>La ministra de Seguridad de la Naci\u00f3n, Nilda Garr\u00e9, inaugur\u00f3\u00a0un moderno centro de video vigilancia ubicado en la comisar\u00eda 20\u00b0 de la Polic\u00eda Federal Argentina, barrios de Balvanera y San Crist\u00f3bal. Desde este nuevo nodo se monitorean 120 c\u00e1maras de alta definici\u00f3n distribuidas en 30 puntos de la jurisdicci\u00f3n: 30 intersecciones de calles con visi\u00f3n&hellip;<\/p>\n","protected":false},"author":1,"featured_media":0,"comment_status":"open","ping_status":"open","sticky":false,"template":"","format":"standard","meta":{"footnotes":""},"categories":[22],"tags":[3487,1061,11140,892,5660,502],"class_list":["post-23360","post","type-post","status-publish","format-standard","hentry","category-policiales","tag-balvanera","tag-camaras","tag-centro-de-monitoreo","tag-delitos","tag-ministro-de-seguridad-nilda-garre","tag-policia-federal-argentina"],"_links":{"self":[{"href":"https:\/\/www.elsindical.com.ar\/notas\/wp-json\/wp\/v2\/posts\/23360","targetHints":{"allow":["GET"]}}],"collection":[{"href":"https:\/\/www.elsindical.com.ar\/notas\/wp-json\/wp\/v2\/posts"}],"about":[{"href":"https:\/\/www.elsindical.com.ar\/notas\/wp-json\/wp\/v2\/types\/post"}],"author":[{"embeddable":true,"href":"https:\/\/www.elsindical.com.ar\/notas\/wp-json\/wp\/v2\/users\/1"}],"replies":[{"embeddable":true,"href":"https:\/\/www.elsindical.com.ar\/notas\/wp-json\/wp\/v2\/comments?post=23360"}],"version-history":[{"count":1,"href":"https:\/\/www.elsindical.com.ar\/notas\/wp-json\/wp\/v2\/posts\/23360\/revisions"}],"predecessor-version":[{"id":23362,"href":"https:\/\/www.elsindical.com.ar\/notas\/wp-json\/wp\/v2\/posts\/23360\/revisions\/23362"}],"wp:attachment":[{"href":"https:\/\/www.elsindical.com.ar\/notas\/wp-json\/wp\/v2\/media?parent=23360"}],"wp:term":[{"taxonomy":"category","embeddable":true,"href":"https:\/\/www.elsindical.com.ar\/notas\/wp-json\/wp\/v2\/categories?post=23360"},{"taxonomy":"post_tag","embeddable":true,"href":"https:\/\/www.elsindical.com.ar\/notas\/wp-json\/wp\/v2\/tags?post=23360"}],"curies":[{"name":"wp","href":"https:\/\/api.w.org\/{rel}","templated":true}]}}