{"id":23321,"date":"2012-04-25T16:00:10","date_gmt":"2012-04-25T19:00:10","guid":{"rendered":"http:\/\/www.elsindical.com.ar\/notas\/?p=23321"},"modified":"2012-04-25T16:00:43","modified_gmt":"2012-04-25T19:00:43","slug":"el-ministerio-de-trabajo-fijo-una-audiencia-de-conciliacion-con-los-representantes-de-la-asociacion-judicial-bonaerense","status":"publish","type":"post","link":"https:\/\/www.elsindical.com.ar\/notas\/el-ministerio-de-trabajo-fijo-una-audiencia-de-conciliacion-con-los-representantes-de-la-asociacion-judicial-bonaerense\/","title":{"rendered":"El ministerio de Trabajo fij\u00f3 una audiencia de conciliaci\u00f3n con los representantes de la Asociaci\u00f3n Judicial Bonaerense"},"content":{"rendered":"<p style=\"text-align: justify;\">\u00a0<a href=\"http:\/\/www.elsindical.com.ar\/notas\/var\/www\/html\/notas\/wp-content\/uploads\/2011\/04\/judiciales-bonaerenses-movi.jpg\"><img loading=\"lazy\" decoding=\"async\" class=\"alignleft size-medium wp-image-13918\" title=\"judiciales-bonaerenses-movi\" src=\"http:\/\/www.elsindical.com.ar\/notas\/var\/www\/html\/notas\/wp-content\/uploads\/2011\/04\/judiciales-bonaerenses-movi-300x225.jpg\" alt=\"\" width=\"300\" height=\"225\" srcset=\"https:\/\/www.elsindical.com.ar\/notas\/var\/www\/html\/notas\/wp-content\/uploads\/2011\/04\/judiciales-bonaerenses-movi-300x225.jpg 300w, https:\/\/www.elsindical.com.ar\/notas\/var\/www\/html\/notas\/wp-content\/uploads\/2011\/04\/judiciales-bonaerenses-movi.jpg 413w\" sizes=\"auto, (max-width: 300px) 100vw, 300px\" \/><\/a><em>El ministerio de Trabajo de la provincia de Buenos Aires, en virtud de las facultades conferidas por la ley 10.149 y lo establecido en el art\u00edculo 23 inc. 4 de la ley 13.757 y en consonancia con lo gestionado por el Defensor del Pueblo de la Provincia, Carlos Bonicatto, convoc\u00f3 a una audiencia de conciliaci\u00f3n a los representantes de la Asociaci\u00f3n Judicial Bonaerense a fin de continuar abordando el conflicto que mantiene el sector.<\/em><\/p>\n<p style=\"text-align: justify;\">El encuentro se llevar\u00e1 acabo el jueves 26 a las 18:00 horas en la subsecretar\u00eda de la Negociaci\u00f3n Colectiva del Sector P\u00fablico, dependiente de la cartera laboral, ubicada en la calle 56 n\u00ba 1127 entre 17 y\u00a0 18 de La Plata.<\/p>\n<p style=\"text-align: justify;\">Tal como hab\u00eda solicitado el gremio, la Provincia tambi\u00e9n llam\u00f3 a miembros de la Corte y del Ministerio de Justicia y Seguridad para que participe en las negociaciones.<\/p>\n","protected":false},"excerpt":{"rendered":"<p>\u00a0El ministerio de Trabajo de la provincia de Buenos Aires, en virtud de las facultades conferidas por la ley 10.149 y lo establecido en el art\u00edculo 23 inc. 4 de la ley 13.757 y en consonancia con lo gestionado por el Defensor del Pueblo de la Provincia, Carlos Bonicatto, convoc\u00f3 a una audiencia de conciliaci\u00f3n&hellip;<\/p>\n","protected":false},"author":1,"featured_media":0,"comment_status":"open","ping_status":"open","sticky":false,"template":"","format":"standard","meta":{"footnotes":""},"categories":[13],"tags":[1121,436,4621,239,5470,11125,7900],"class_list":["post-23321","post","type-post","status-publish","format-standard","hentry","category-politica","tag-conciliacion","tag-conflicto","tag-corte-bonaerense","tag-la-plata","tag-ministerio-de-justicia-y-seguridad","tag-ministerio-de-trabajo-bonaerense","tag-partes"],"_links":{"self":[{"href":"https:\/\/www.elsindical.com.ar\/notas\/wp-json\/wp\/v2\/posts\/23321","targetHints":{"allow":["GET"]}}],"collection":[{"href":"https:\/\/www.elsindical.com.ar\/notas\/wp-json\/wp\/v2\/posts"}],"about":[{"href":"https:\/\/www.elsindical.com.ar\/notas\/wp-json\/wp\/v2\/types\/post"}],"author":[{"embeddable":true,"href":"https:\/\/www.elsindical.com.ar\/notas\/wp-json\/wp\/v2\/users\/1"}],"replies":[{"embeddable":true,"href":"https:\/\/www.elsindical.com.ar\/notas\/wp-json\/wp\/v2\/comments?post=23321"}],"version-history":[{"count":2,"href":"https:\/\/www.elsindical.com.ar\/notas\/wp-json\/wp\/v2\/posts\/23321\/revisions"}],"predecessor-version":[{"id":23323,"href":"https:\/\/www.elsindical.com.ar\/notas\/wp-json\/wp\/v2\/posts\/23321\/revisions\/23323"}],"wp:attachment":[{"href":"https:\/\/www.elsindical.com.ar\/notas\/wp-json\/wp\/v2\/media?parent=23321"}],"wp:term":[{"taxonomy":"category","embeddable":true,"href":"https:\/\/www.elsindical.com.ar\/notas\/wp-json\/wp\/v2\/categories?post=23321"},{"taxonomy":"post_tag","embeddable":true,"href":"https:\/\/www.elsindical.com.ar\/notas\/wp-json\/wp\/v2\/tags?post=23321"}],"curies":[{"name":"wp","href":"https:\/\/api.w.org\/{rel}","templated":true}]}}