{"id":23301,"date":"2012-04-25T00:39:42","date_gmt":"2012-04-25T03:39:42","guid":{"rendered":"http:\/\/www.elsindical.com.ar\/notas\/?p=23301"},"modified":"2012-04-25T00:39:42","modified_gmt":"2012-04-25T03:39:42","slug":"alak-aclaro-que-nunca-les-pidieron-a-los-fiscales-que-investiguen-el-caso-righi","status":"publish","type":"post","link":"https:\/\/www.elsindical.com.ar\/notas\/alak-aclaro-que-nunca-les-pidieron-a-los-fiscales-que-investiguen-el-caso-righi\/","title":{"rendered":"Alak aclar\u00f3 que nunca les pidieron a los fiscales que investiguen el caso Righi"},"content":{"rendered":"<p style=\"text-align: justify;\"><em><a href=\"http:\/\/www.elsindical.com.ar\/notas\/var\/www\/html\/notas\/wp-content\/uploads\/2012\/04\/conferencia-Alak.jpg\"><img loading=\"lazy\" decoding=\"async\" class=\"alignleft size-medium wp-image-23302\" title=\"conferencia-Alak\" src=\"http:\/\/www.elsindical.com.ar\/notas\/var\/www\/html\/notas\/wp-content\/uploads\/2012\/04\/conferencia-Alak-300x225.jpg\" alt=\"\" width=\"300\" height=\"225\" srcset=\"https:\/\/www.elsindical.com.ar\/notas\/var\/www\/html\/notas\/wp-content\/uploads\/2012\/04\/conferencia-Alak-300x225.jpg 300w, https:\/\/www.elsindical.com.ar\/notas\/var\/www\/html\/notas\/wp-content\/uploads\/2012\/04\/conferencia-Alak.jpg 413w\" sizes=\"auto, (max-width: 300px) 100vw, 300px\" \/><\/a>El ministro de Justicia y Derechos Humanos, <strong>Julio Alak<\/strong>, se refiri\u00f3 al dictamen del procurador provisorio, donde se orden\u00f3 la creaci\u00f3n de un equipo para investigar la denuncia del vicepresidente, <strong>Amado Boudou<\/strong>, contra el estudio de la familia de <strong>Esteban Righi<\/strong>.<\/em><\/p>\n<p style=\"text-align: justify;\">\u00abEl gobierno en ning\u00fan momento sugiri\u00f3 esta medida bajo ning\u00fan canal. La Constituci\u00f3n dice claramente que el Ministerio P\u00fablico es un \u00f3rgano aut\u00f3nomo, independiente, con lo cual no hay ninguna posibilidad de que el Gobierno le d\u00e9 una directiva\u00bb, asegur\u00f3 Alak.<\/p>\n<p style=\"text-align: justify;\">De ese modo, el funcionario se refiri\u00f3 al dictamen emitido por el Procurador provisorio <strong>Luis Gonz\u00e1lez Warcalde<\/strong>, que encomend\u00f3 al Fiscal <strong>Germ\u00e1n Moldes<\/strong> colaborar en la causa contra el ex procurador a ra\u00edz de las denuncias realizadas por el vicepresidente, quien asegur\u00f3 que desde el estudio jur\u00eddico de la familia de <strong>Esteban Righi<\/strong> le ofrecieron aceitar la relaci\u00f3n con la Justicia federal.<\/p>\n<p style=\"text-align: justify;\">Alak aclar\u00f3 adem\u00e1s que <strong>el Gobierno est\u00e1 en \u201cdesacuerdo\u201d con la decisi\u00f3n de Gonz\u00e1lez Warcalde<\/strong> de \u201cdarle una amplificaci\u00f3n a este proceso penal en su etapa previa a la instrucci\u00f3n al asignar de una manera irracional cuatro fiscales de c\u00e1mara a un fiscal de primera instancia que no ha solicitado la colaboraci\u00f3n de ning\u00fan fiscal a la Procuraci\u00f3n\u00bb, afirm\u00f3.<\/p>\n<p style=\"text-align: justify;\">El ministro resalt\u00f3 que el Gobierno \u201cno tiene absolutamente nada que ver\u00bb con esta medida, a la que tild\u00f3 de \u00ababsolutamente irracional\u00bb, y atribuy\u00f3 a \u00abun tema personal que el subprocurador puede tener con el anterior procurador\u00bb pero que \u00abno puede usar la administraci\u00f3n de Justicia para resolverlo\u00bb.<\/p>\n<p style=\"text-align: justify;\">De hecho, recalc\u00f3 que \u00abla pr\u00e1ctica habitual es que, cuando hay un delito importante, se nombran coadyuvantes cuando el fiscal del caso lo pide\u00bb y sostuvo que, con su forma de proceder en este caso, \u00abse est\u00e1 afectando la autonom\u00eda del fiscal que investiga\u00bb, en referencia al trabajo de <strong>Jorge Di Lello.<\/strong><\/p>\n","protected":false},"excerpt":{"rendered":"<p>El ministro de Justicia y Derechos Humanos, Julio Alak, se refiri\u00f3 al dictamen del procurador provisorio, donde se orden\u00f3 la creaci\u00f3n de un equipo para investigar la denuncia del vicepresidente, Amado Boudou, contra el estudio de la familia de Esteban Righi. \u00abEl gobierno en ning\u00fan momento sugiri\u00f3 esta medida bajo ning\u00fan canal. La Constituci\u00f3n dice&hellip;<\/p>\n","protected":false},"author":1,"featured_media":0,"comment_status":"open","ping_status":"open","sticky":false,"template":"","format":"standard","meta":{"footnotes":""},"categories":[13],"tags":[3586,175,1204,11118,22024,1726,11117,1203],"class_list":["post-23301","post","type-post","status-publish","format-standard","hentry","category-politica","tag-amado-boudou","tag-denuncia","tag-esteban-righi","tag-fiscal-german-moldes","tag-investigacion","tag-julio-alak","tag-ministro-de-justicia","tag-procurador-general-de-la-nacion"],"_links":{"self":[{"href":"https:\/\/www.elsindical.com.ar\/notas\/wp-json\/wp\/v2\/posts\/23301","targetHints":{"allow":["GET"]}}],"collection":[{"href":"https:\/\/www.elsindical.com.ar\/notas\/wp-json\/wp\/v2\/posts"}],"about":[{"href":"https:\/\/www.elsindical.com.ar\/notas\/wp-json\/wp\/v2\/types\/post"}],"author":[{"embeddable":true,"href":"https:\/\/www.elsindical.com.ar\/notas\/wp-json\/wp\/v2\/users\/1"}],"replies":[{"embeddable":true,"href":"https:\/\/www.elsindical.com.ar\/notas\/wp-json\/wp\/v2\/comments?post=23301"}],"version-history":[{"count":2,"href":"https:\/\/www.elsindical.com.ar\/notas\/wp-json\/wp\/v2\/posts\/23301\/revisions"}],"predecessor-version":[{"id":23304,"href":"https:\/\/www.elsindical.com.ar\/notas\/wp-json\/wp\/v2\/posts\/23301\/revisions\/23304"}],"wp:attachment":[{"href":"https:\/\/www.elsindical.com.ar\/notas\/wp-json\/wp\/v2\/media?parent=23301"}],"wp:term":[{"taxonomy":"category","embeddable":true,"href":"https:\/\/www.elsindical.com.ar\/notas\/wp-json\/wp\/v2\/categories?post=23301"},{"taxonomy":"post_tag","embeddable":true,"href":"https:\/\/www.elsindical.com.ar\/notas\/wp-json\/wp\/v2\/tags?post=23301"}],"curies":[{"name":"wp","href":"https:\/\/api.w.org\/{rel}","templated":true}]}}