{"id":23247,"date":"2012-04-24T00:10:25","date_gmt":"2012-04-24T03:10:25","guid":{"rendered":"http:\/\/www.elsindical.com.ar\/notas\/?p=23247"},"modified":"2012-04-24T00:10:25","modified_gmt":"2012-04-24T03:10:25","slug":"efemeridesdel-dia-24-de-abril-2","status":"publish","type":"post","link":"https:\/\/www.elsindical.com.ar\/notas\/efemeridesdel-dia-24-de-abril-2\/","title":{"rendered":"EFEM\u00c9RIDES:DEL D\u00cdA 24 DE ABRIL"},"content":{"rendered":"<p style=\"text-align: justify;\"><a href=\"http:\/\/www.elsindical.com.ar\/notas\/var\/www\/html\/notas\/wp-content\/uploads\/2010\/09\/Miguel-de-Cervantes-Saavedr.jpg\"><img loading=\"lazy\" decoding=\"async\" class=\"alignleft size-full wp-image-9643\" title=\"Miguel-de-Cervantes-Saavedr\" src=\"http:\/\/www.elsindical.com.ar\/notas\/var\/www\/html\/notas\/wp-content\/uploads\/2010\/09\/Miguel-de-Cervantes-Saavedr.jpg\" alt=\"\" width=\"148\" height=\"189\" \/><\/a>En un 24 de abril como hoy, pero de 1981, hace 30 a\u00f1os, el presidente estadounidense, Ronald Reagan, levanta el embargo de trigo impuesto a la URSS.<\/p>\n<p style=\"text-align: justify;\">1479- Fallece Jorge Manrique, poeta y escritor espa\u00f1ol.<\/p>\n<p style=\"text-align: justify;\">1547- Batalla de Muhlberg, en la que las tropas espa\u00f1olas de Carlos V derrotan a las protestantes del elector de Sajonia.<\/p>\n<p style=\"text-align: justify;\">1616- Los restos mortales de Cervantes son enterrados en la iglesia de las Trinitarias, en Madrid.<\/p>\n<p style=\"text-align: justify;\">1701- Llega a Madrid Felipe V, nombrado rey de Espa\u00f1a el a\u00f1o anterior, y con el que empieza el reinado de la Casa de Borb\u00f3n.<\/p>\n<p style=\"text-align: justify;\">1703- Nace Jos\u00e9 Francisco de Isla, jesuita y escritor espa\u00f1ol.<\/p>\n<p style=\"text-align: justify;\">1704- Aparece el primer peri\u00f3dico publicado en Estados Unidos, el \u00abBoston Letters\u00bb.<\/p>\n<p style=\"text-align: justify;\">1799- La Asamblea Nacional Francesa encarga al ingeniero Etienne Lenoir la construcci\u00f3n de un prototipo de platino iridiado con dos marcas paralelas, cuya distancia es el metro, unidad de longitud.<\/p>\n<p style=\"text-align: justify;\">1817- El bar\u00f3n Carlos Federico von Drais presenta en Karlsruhe (Alemania) el primer prototipo de lo que hoy es la bicicleta, que todav\u00eda no ten\u00eda pedales.<\/p>\n<p style=\"text-align: justify;\">1824- Las Provincias Unidas de Centro\u00e1merica (Guatemala, El Salvador, Honduras, Nicaragua y Costa Rica) declaran abolida la esclavitud.<\/p>\n<p style=\"text-align: justify;\">1834- Concluye la guerra civil en Per\u00fa con la victoria de Luis J. Orbegozo sobre Maquinhucayo.<\/p>\n<p style=\"text-align: justify;\">1854- El emperador Francisco Jos\u00e9 de Austria contrae matrimonio en Viena con Elizabeth de Wittelsbach, \u00abSissi\u00bb.<\/p>\n<p style=\"text-align: justify;\">1856- Nace Henri Philippe Petain, mariscal en la I Guerra Mundial y presidente de Francia durante la ocupaci\u00f3n alemana de la II Guerra Mundial.<\/p>\n<p style=\"text-align: justify;\">1857- Inauguraci\u00f3n en Buenos Aires del Teatro Col\u00f3n.<\/p>\n<p style=\"text-align: justify;\">1863- Se firma el Tratado de Coche entre Pedro Rojas y Antonio Guzm\u00e1n, que pone fin a la guerra civil en Venezuela.<\/p>\n<p style=\"text-align: justify;\">1903- Nace Jos\u00e9 Antonio Primo de Rivera, pol\u00edtico espa\u00f1ol, fundador de Falange Espa\u00f1ola.<\/p>\n<p style=\"text-align: justify;\">1904- Nace Willem de Kooning, pintor estadounidense.<\/p>\n<p style=\"text-align: justify;\">1914- El Gobierno de Paraguay declara el 12 de octubre fiesta nacional.<\/p>\n<p style=\"text-align: justify;\">1915- El pueblo armenio sufre una de los mayores genocidios de la historia por parte del Imperio Otomano. Alrededor de un mill\u00f3n de personas perecieron, seg\u00fan algunas fuentes. Turqu\u00eda no reconoce la masacre.<\/p>\n<p style=\"text-align: justify;\">1916- Rebeli\u00f3n de los irlandeses en Dubl\u00edn contra la autoridad brit\u00e1nica.<\/p>\n<p style=\"text-align: justify;\">1918- Primera Guerra Mundial: Primera batalla en la historia de carros blindados, entre tres tanques ingleses y tres alemanes en el norte de Francia.<\/p>\n<p style=\"text-align: justify;\">&#8211; Fallece Jos\u00e9 Men\u00e9ndez, millonario espa\u00f1ol, llamado \u00abrey de la Patagonia\u00bb.<\/p>\n<p style=\"text-align: justify;\">1931- El Gobierno espa\u00f1ol fija en 23 a\u00f1os la edad para tener derecho a la emisi\u00f3n de sufragio.<\/p>\n<p style=\"text-align: justify;\">1934- Por primera vez desde su apertura, se cierra el Canal de Panam\u00e1 durante 24 horas, para dar paso a los 111 buques de la escuadra estadounidense.<\/p>\n<p style=\"text-align: justify;\">&#8211; Nace Shirley MacLaine, actriz estadounidense.<\/p>\n<p style=\"text-align: justify;\">1942- Nace Barbra Streisand, cantante y actriz estadounidense.<\/p>\n<p style=\"text-align: justify;\">1948- Jos\u00e9 Figueres Ferrer, jefe del partido socialdem\u00f3crata de Costa Rica, se incorpora en esta fecha al Gobierno formado por Santos Le\u00f3n Herrera.<\/p>\n<p style=\"text-align: justify;\">1949- Las tropas comunistas chinas entran en Nank\u00edn.<\/p>\n<p style=\"text-align: justify;\">1950- El Gobierno jordano hace p\u00fablica la anexi\u00f3n de la Palestina \u00e1rabe a Jordania.<\/p>\n<p style=\"text-align: justify;\">1952- Nace Jean Paul Gaultier, modisto franc\u00e9s.<\/p>\n<p style=\"text-align: justify;\">1955- La Conferencia de Bandung emite un comunicado final, considerado hist\u00f3rico, en el que se aboga por la cooperaci\u00f3n mundial y el derecho a la autodeterminaci\u00f3n de los pueblos. Veintinueve pa\u00edses se proclaman neutrales en los conflictos de los bloques ideol\u00f3gicos mundiales.<\/p>\n<p style=\"text-align: justify;\">1965- La \u00abrevoluci\u00f3n constitucionalista\u00bb derroca en la Rep\u00fablica Dominicana al triunvirato presidido por Donald Reid Cabral, con idea de reponer al ex-presidente Juan Bosch.<\/p>\n<p style=\"text-align: justify;\">1970- Tres guardacostas haitianos, con opositores al r\u00e9gimen del pa\u00eds, bombardean Hait\u00ed y se refugian en la base estadounidense de Guant\u00e1namo (Cuba).<\/p>\n<p style=\"text-align: justify;\">1973- Voladura del edificio del diario \u00abMadrid\u00bb.<\/p>\n<p style=\"text-align: justify;\">1980- Fallece Alejo Carpentier, escritor y music\u00f3logo cubano.<\/p>\n<p style=\"text-align: justify;\">1983- Un refer\u00e9ndum celebrado en Panam\u00e1 aprueba la reforma de la Constituci\u00f3n.<\/p>\n<p style=\"text-align: justify;\">1994- Armando Calder\u00f3n (ARENA) vence en las elecciones presidenciales de El Salvador, con el 68% de los votos.<\/p>\n<p style=\"text-align: justify;\">2000- El escritor chileno Jorge Edwards recibe el Premio Cervantes.<\/p>\n<p style=\"text-align: justify;\">2003- Corea del Norte admite tener armas nucleares.<\/p>\n<p style=\"text-align: justify;\">2004- Chipre rechaza en refer\u00e9ndum el plan de la ONU para su reunificaci\u00f3n, con el voto en contra del 76% de los grecochipriotas y el apoyo del 66% de los turcochipriotas.<\/p>\n<p style=\"text-align: justify;\">&#8211; Fallece Est\u00e9e Lauder, estadounidense, creadora de la firma cosm\u00e9tica que lleva su nombre.<\/p>\n<p style=\"text-align: justify;\">2005- Benedicto XVI comienza con una misa solemne su Pontificado.<\/p>\n<p style=\"text-align: justify;\">2007- Un ataque a una petrolera china en Etiop\u00eda causa 74 muertos.<\/p>\n","protected":false},"excerpt":{"rendered":"<p>En un 24 de abril como hoy, pero de 1981, hace 30 a\u00f1os, el presidente estadounidense, Ronald Reagan, levanta el embargo de trigo impuesto a la URSS. 1479- Fallece Jorge Manrique, poeta y escritor espa\u00f1ol. 1547- Batalla de Muhlberg, en la que las tropas espa\u00f1olas de Carlos V derrotan a las protestantes del elector de&hellip;<\/p>\n","protected":false},"author":1,"featured_media":0,"comment_status":"open","ping_status":"open","sticky":false,"template":"","format":"standard","meta":{"footnotes":""},"categories":[14],"tags":[],"class_list":["post-23247","post","type-post","status-publish","format-standard","hentry","category-efemerides"],"_links":{"self":[{"href":"https:\/\/www.elsindical.com.ar\/notas\/wp-json\/wp\/v2\/posts\/23247","targetHints":{"allow":["GET"]}}],"collection":[{"href":"https:\/\/www.elsindical.com.ar\/notas\/wp-json\/wp\/v2\/posts"}],"about":[{"href":"https:\/\/www.elsindical.com.ar\/notas\/wp-json\/wp\/v2\/types\/post"}],"author":[{"embeddable":true,"href":"https:\/\/www.elsindical.com.ar\/notas\/wp-json\/wp\/v2\/users\/1"}],"replies":[{"embeddable":true,"href":"https:\/\/www.elsindical.com.ar\/notas\/wp-json\/wp\/v2\/comments?post=23247"}],"version-history":[{"count":2,"href":"https:\/\/www.elsindical.com.ar\/notas\/wp-json\/wp\/v2\/posts\/23247\/revisions"}],"predecessor-version":[{"id":23249,"href":"https:\/\/www.elsindical.com.ar\/notas\/wp-json\/wp\/v2\/posts\/23247\/revisions\/23249"}],"wp:attachment":[{"href":"https:\/\/www.elsindical.com.ar\/notas\/wp-json\/wp\/v2\/media?parent=23247"}],"wp:term":[{"taxonomy":"category","embeddable":true,"href":"https:\/\/www.elsindical.com.ar\/notas\/wp-json\/wp\/v2\/categories?post=23247"},{"taxonomy":"post_tag","embeddable":true,"href":"https:\/\/www.elsindical.com.ar\/notas\/wp-json\/wp\/v2\/tags?post=23247"}],"curies":[{"name":"wp","href":"https:\/\/api.w.org\/{rel}","templated":true}]}}