{"id":23241,"date":"2012-04-23T20:07:53","date_gmt":"2012-04-23T23:07:53","guid":{"rendered":"http:\/\/www.elsindical.com.ar\/notas\/?p=23241"},"modified":"2012-04-23T20:08:42","modified_gmt":"2012-04-23T23:08:42","slug":"el-palomarhallan-a-una-joven-asesinada-en-una-fabrica","status":"publish","type":"post","link":"https:\/\/www.elsindical.com.ar\/notas\/el-palomarhallan-a-una-joven-asesinada-en-una-fabrica\/","title":{"rendered":"El Palomar:Hallan a una joven asesinada en una f\u00e1brica"},"content":{"rendered":"<p style=\"text-align: justify;\"><em><a href=\"http:\/\/www.elsindical.com.ar\/notas\/var\/www\/html\/notas\/wp-content\/uploads\/2012\/04\/Marisa-Sotelo.jpg\"><img loading=\"lazy\" decoding=\"async\" class=\"alignleft size-medium wp-image-23242\" title=\"Marisa-Sotelo\" src=\"http:\/\/www.elsindical.com.ar\/notas\/var\/www\/html\/notas\/wp-content\/uploads\/2012\/04\/Marisa-Sotelo-282x300.jpg\" alt=\"\" width=\"282\" height=\"300\" srcset=\"https:\/\/www.elsindical.com.ar\/notas\/var\/www\/html\/notas\/wp-content\/uploads\/2012\/04\/Marisa-Sotelo-282x300.jpg 282w, https:\/\/www.elsindical.com.ar\/notas\/var\/www\/html\/notas\/wp-content\/uploads\/2012\/04\/Marisa-Sotelo.jpg 413w\" sizes=\"auto, (max-width: 282px) 100vw, 282px\" \/><\/a>La v\u00edctima, de 25 a\u00f1os, fue hallada en el pozo del ba\u00f1o de su trabajo. La Polic\u00eda detuvo como sospechoso a otro empleado de la misma f\u00e1brica. Fue apresado cuando viajaba en micro hacia Paraguay.<\/em><\/p>\n<p style=\"text-align: justify;\">Una joven de 25 a\u00f1os fue hallada asesinada\u00a0 en la f\u00e1brica de cer\u00e1micas donde trabajaba, en la localidad bonaerense de El Palomar. Por el hecho, la Polic\u00eda detuvo a un hombre que trabajaba con ella.<\/p>\n<p style=\"text-align: justify;\">El cuerpo de Marisa Sotelo (25) fue encontrado ayer a la tarde. Estaba dentro del pozo del ba\u00f1o de la f\u00e1brica donde trabajaba, situada en Enrique Fermi y Carlos Octavio Bunge, en El Palomar. Ten\u00eda\u00a0 golpes en el cr\u00e1neo y la cabeza tapada con una bolsa de nylon, atada a su cuello.<\/p>\n<p style=\"text-align: justify;\">La chica hab\u00eda ido a trabajar ayer a la f\u00e1brica, donde era secretaria, y no volvi\u00f3 a su casa. Su madre, preocupada, fue a buscarla. Al llegar a la empresa, relat\u00f3 un vecino, la mujer escuch\u00f3 m\u00fasica fuerte adentro. Golpe\u00f3 y nadie sali\u00f3 a abrirle, por lo que volvi\u00f3 a su casa a buscar a otro de sus hijos para que la acompa\u00f1ara. \u201cCuando lograron entrar, encontraron todo revuelto y llamaron a la Polic\u00eda\u201d, a\u00f1adi\u00f3 el hombre.<\/p>\n<p style=\"text-align: justify;\">Poco despu\u00e9s, los efectivos policiales hallaron el cuerpo de Marisa en el fondo de un pozo de agua de un metro de profundidad.<\/p>\n<p style=\"text-align: justify;\">Tras el crimen, la Polic\u00eda detuvo a un compa\u00f1ero de trabajo de la mujer. El hombre fue apresado en Entre R\u00edos. Iba a bordo de un micro que se dirig\u00eda a Paraguay.\u00bbEl imputado, de 22 a\u00f1os, fue detenido al llegar a la terminal de \u00f3mnibus de Concordia, cuando viajaba en un micro a su pa\u00eds de origen\u00bb, dijo Perrone.<\/p>\n<p style=\"text-align: justify;\">Marisa y el sospechoso detenido fueron loss \u00fanicos empleados de la f\u00e1brica que ayer se presentaron a trabajar. \u00abEran las \u00fanicas dos personas que estaban en la f\u00e1brica, hab\u00edan ingresado a hacer horas extras a las 8 de la ma\u00f1ana y se iban a quedar hasta las 12 del mediod\u00eda\u00bb, relat\u00f3 el comisario Perrone.<\/p>\n<p style=\"text-align: justify;\">El jefe policial destac\u00f3 que pudieron hallar al sospechoso \u00abgracias a la denuncia del remisero que anoche lo llev\u00f3 desde su casa hasta la terminal de micros de Liniers y a quien le parecieron sospechosas las heridas que presentaba en la cara y los brazos\u00bb.<\/p>\n<p style=\"text-align: justify;\">El remisero cont\u00f3 que le llamaron la atenci\u00f3n las heridas que presentaba el joven. \u00abTen\u00eda como rasgu\u00f1os en la cara, el cuello y los brazos\u00bb, dijo. Y agreg\u00f3 que cuando le pregunt\u00f3 c\u00f3mo se hab\u00eda lastimado, el muchacho le dijo que se hab\u00eda ca\u00eddo de una escalera.<\/p>\n<p style=\"text-align: justify;\">Tambi\u00e9n indic\u00f3 que el joven \u00abparec\u00eda estar muy apurado\u201d porque \u201cdeb\u00eda tomar en forma urgente un \u00f3mnibus\u201d.<\/p>\n<p style=\"text-align: justify;\">(Fuente: DyN y T\u00e9lam)<\/p>\n","protected":false},"excerpt":{"rendered":"<p>La v\u00edctima, de 25 a\u00f1os, fue hallada en el pozo del ba\u00f1o de su trabajo. La Polic\u00eda detuvo como sospechoso a otro empleado de la misma f\u00e1brica. Fue apresado cuando viajaba en micro hacia Paraguay. Una joven de 25 a\u00f1os fue hallada asesinada\u00a0 en la f\u00e1brica de cer\u00e1micas donde trabajaba, en la localidad bonaerense de&hellip;<\/p>\n","protected":false},"author":1,"featured_media":0,"comment_status":"open","ping_status":"open","sticky":false,"template":"","format":"standard","meta":{"footnotes":""},"categories":[22],"tags":[1048,11089,171,11087,11088,4032],"class_list":["post-23241","post","type-post","status-publish","format-standard","hentry","category-policiales","tag-asesinada","tag-companero-de-trabajo","tag-fabrica","tag-marisa-sotelo","tag-palomar","tag-paraguay"],"_links":{"self":[{"href":"https:\/\/www.elsindical.com.ar\/notas\/wp-json\/wp\/v2\/posts\/23241","targetHints":{"allow":["GET"]}}],"collection":[{"href":"https:\/\/www.elsindical.com.ar\/notas\/wp-json\/wp\/v2\/posts"}],"about":[{"href":"https:\/\/www.elsindical.com.ar\/notas\/wp-json\/wp\/v2\/types\/post"}],"author":[{"embeddable":true,"href":"https:\/\/www.elsindical.com.ar\/notas\/wp-json\/wp\/v2\/users\/1"}],"replies":[{"embeddable":true,"href":"https:\/\/www.elsindical.com.ar\/notas\/wp-json\/wp\/v2\/comments?post=23241"}],"version-history":[{"count":4,"href":"https:\/\/www.elsindical.com.ar\/notas\/wp-json\/wp\/v2\/posts\/23241\/revisions"}],"predecessor-version":[{"id":23246,"href":"https:\/\/www.elsindical.com.ar\/notas\/wp-json\/wp\/v2\/posts\/23241\/revisions\/23246"}],"wp:attachment":[{"href":"https:\/\/www.elsindical.com.ar\/notas\/wp-json\/wp\/v2\/media?parent=23241"}],"wp:term":[{"taxonomy":"category","embeddable":true,"href":"https:\/\/www.elsindical.com.ar\/notas\/wp-json\/wp\/v2\/categories?post=23241"},{"taxonomy":"post_tag","embeddable":true,"href":"https:\/\/www.elsindical.com.ar\/notas\/wp-json\/wp\/v2\/tags?post=23241"}],"curies":[{"name":"wp","href":"https:\/\/api.w.org\/{rel}","templated":true}]}}