{"id":23236,"date":"2012-04-23T16:47:08","date_gmt":"2012-04-23T19:47:08","guid":{"rendered":"http:\/\/www.elsindical.com.ar\/notas\/?p=23236"},"modified":"2012-04-23T17:13:26","modified_gmt":"2012-04-23T20:13:26","slug":"juan-ernesto-curutchet-el-todo-terreno-del-pro","status":"publish","type":"post","link":"https:\/\/www.elsindical.com.ar\/notas\/juan-ernesto-curutchet-el-todo-terreno-del-pro\/","title":{"rendered":"Juan Ernesto Curutchet el todo terreno del PRO"},"content":{"rendered":"<p style=\"text-align: justify;\"><em>\u00a0\u00a0\u00a0\u00a0 <a href=\"http:\/\/www.elsindical.com.ar\/notas\/var\/www\/html\/notas\/wp-content\/uploads\/2012\/04\/captura-JEC-04.jpg\"><img loading=\"lazy\" decoding=\"async\" class=\"alignleft size-medium wp-image-23237\" title=\"captura-JEC-04\" src=\"http:\/\/www.elsindical.com.ar\/notas\/var\/www\/html\/notas\/wp-content\/uploads\/2012\/04\/captura-JEC-04-300x175.jpg\" alt=\"\" width=\"300\" height=\"175\" srcset=\"https:\/\/www.elsindical.com.ar\/notas\/var\/www\/html\/notas\/wp-content\/uploads\/2012\/04\/captura-JEC-04-300x175.jpg 300w, https:\/\/www.elsindical.com.ar\/notas\/var\/www\/html\/notas\/wp-content\/uploads\/2012\/04\/captura-JEC-04.jpg 650w\" sizes=\"auto, (max-width: 300px) 100vw, 300px\" \/><\/a>Ya nos hab\u00edamos referido en varias oportunidades de las variadas actividades del Dr. Juan Ernesto Curutchet, vicepresidente del Banco Ciudad, el cual desde los tiempos en que caminaba los pasillos de la facultad evidenci\u00f3 su pasi\u00f3n por la pol\u00edtica, pasi\u00f3n que a\u00f1os m\u00e1s tarde ya recibido de abogado transformar\u00eda en ambici\u00f3n. Por varias de estas acciones, algunas re\u00f1idas con la \u00e9tica y la justicia, hemos escrito varios informes en este medio, y se ha visto involucrado en distintas denuncias de tr\u00e1fico de influencias, enriquecimiento il\u00edcito y malversaci\u00f3n de caudales, a la fecha, ha podido sortear con \u00e9xito las investigaciones y tener adem\u00e1s un trato diferente al de una persona com\u00fan frente a acusaciones de ese tenor.<\/em><\/p>\n<p style=\"text-align: justify;\">Con la habilidad que lo caracteriza para saber ser un buen \u201cmediador\u201d, eufemismo de \u201cnegociador\u201d, ha dedicado muchas horas a intervenir en diferentes frentes en los que se juega el poder de la pol\u00edtica, ha tenido una participaci\u00f3n activa en CASSABA, con el candidato al CAPCF (Colegio de Abogados P\u00fablico de la Capital Federal) Alterini, y el acompa\u00f1amiento de su amiga inseparable, y asesora en el Banco Ciudad, Gisele Candarle. Colaboradora tan \u00edntima que ha apadrinado su postulaci\u00f3n en la agrupaci\u00f3n Cambio Pluralista para que llegue al Consejo de la Magistratura Porte\u00f1o, en una alianza con los radicales, algunos que parecen tener una muy mala memoria de los tiempos en los que Jorge Ernesto Curutchet y Guillermo Sergio Vattuone, combat\u00edan a Franja Morada en las universidades, enfrentamientos que llegaron a tener un\u00a0herido grave\u00a0de por medio, que termin\u00f3 justific\u00e1ndose como un accidente, de tr\u00e1nsito<\/p>\n<p style=\"text-align: justify;\">Hoy puede los tres abogados mencionados forman un tr\u00edo que hasta comparten vacaciones.<\/p>\n<p style=\"text-align: justify;\">Juan Ernesto Curutchet, es un hombre h\u00e1bil, no inteligente, ya que sus desprolijas declaraciones juradas, son tan burdas, irreales e inconsistentes, que no resisten el menor an\u00e1lisis serio. Pero esto poco le importa, porque sus relaciones con abogados, empresarios y pol\u00edticos, le reportan un manto de impunidad que por el momento est\u00e1 intacto. Tal vez por ello es que debe renovar constantemente esos lazos, y esto lo lleva a ocuparse de otros temas adem\u00e1s de los que deber\u00eda ocuparse actualmente como ser el Banco Ciudad, donde cobra un suculento sueldo, pero parece que el futuro lo tiene inquieto y necesita seguir \u201ctejiendo\u201d redes.<\/p>\n<p style=\"text-align: justify;\">El d\u00eda s\u00e1bado 21 de abril a las 21:00 hs., el Dr. Juan Ernesto Curutchet, vicepresidente del Banco Ciudad, con su usuario @juancurutchet en Twitter, charlaba con la ONG Basta de Demoler, @BastadeDemoler, respecto a un amparo que la misma hab\u00eda presentado contra las obras del subterr\u00e1neo en Plaza Francia y la destrucci\u00f3n de \u00e1rboles hist\u00f3ricos, en la misma, el vicepresidente del Banco Ciudad, textualmente les dice que se presenten en la Justicia y concilien, continuando con otras gestiones como el pedirle un informe al Gerente de Productos para que informe sobre un tr\u00e1mite que era de inter\u00e9s para algunos de los miembros de la ONG, y que pod\u00eda llegar a destrabar el conflicto.<\/p>\n<p style=\"text-align: justify;\">A ver, no es habitual, no es correcto, ni es algo transparente, que el vicepresidente de un banco, que suelen cerrarle la puerta en la cara a sus clientes a las 15:00 hs. puntualmente, se ocupe de un tema un d\u00eda s\u00e1bado por la noche. Si somos todos iguales ante la Ley, deber\u00edamos todos tener esa posibilidad de que el se\u00f1or Curutchet nos atienda en cualquier horario y m\u00e1s a\u00fan, que las gestiones se realicen fuera de horario.<\/p>\n<p style=\"text-align: justify;\">Que curiosa actitud de un funcionario que actualmente se debe a los vecinos de la Ciudad de Buenos Aires, \u00bfacaso es un buen samaritano? O esto es otra m\u00e1s de sus muestras de impunidad y tr\u00e1fico de influencias.<\/p>\n<p style=\"text-align: justify;\">En medio de la charla, Gisela Candarle, consejera del Consejo de la Magistratura Porte\u00f1a, \u00a0reenviaba mensajes apoyando a Cambio Pluralista, sin la verg\u00fcenza de los que no pudiendo mostrar debidamente una correcta gesti\u00f3n, se porponen como el cambio.<\/p>\n<p style=\"text-align: justify;\">Vaya uno a saber, qu\u00e9 pasa por la cabeza de Mauricio Macri, para sostener a un funcionario que sigue sumando una lista de sospecha sobre su gesti\u00f3n p\u00fablica, pero de esto, los miembros de la Comisi\u00f3n Gremial Interna del Banco Ciudad no hablan, Pepe Peralta, prefiere seguir tomando caf\u00e9 con el vicepresidente y creer en las palabras de este personaje, que solo puede tener futuro en tanto siga participando y poniendo un huevo en cada nido.<\/p>\n","protected":false},"excerpt":{"rendered":"<p>\u00a0\u00a0\u00a0\u00a0 Ya nos hab\u00edamos referido en varias oportunidades de las variadas actividades del Dr. Juan Ernesto Curutchet, vicepresidente del Banco Ciudad, el cual desde los tiempos en que caminaba los pasillos de la facultad evidenci\u00f3 su pasi\u00f3n por la pol\u00edtica, pasi\u00f3n que a\u00f1os m\u00e1s tarde ya recibido de abogado transformar\u00eda en ambici\u00f3n. Por varias de&hellip;<\/p>\n","protected":false},"author":1,"featured_media":0,"comment_status":"open","ping_status":"open","sticky":false,"template":"","format":"standard","meta":{"footnotes":""},"categories":[10],"tags":[35,11086,2931,11085],"class_list":["post-23236","post","type-post","status-publish","format-standard","hentry","category-editorial","tag-banco-ciudad","tag-franja-morada","tag-juan-ernesto-curutchet","tag-upau"],"_links":{"self":[{"href":"https:\/\/www.elsindical.com.ar\/notas\/wp-json\/wp\/v2\/posts\/23236","targetHints":{"allow":["GET"]}}],"collection":[{"href":"https:\/\/www.elsindical.com.ar\/notas\/wp-json\/wp\/v2\/posts"}],"about":[{"href":"https:\/\/www.elsindical.com.ar\/notas\/wp-json\/wp\/v2\/types\/post"}],"author":[{"embeddable":true,"href":"https:\/\/www.elsindical.com.ar\/notas\/wp-json\/wp\/v2\/users\/1"}],"replies":[{"embeddable":true,"href":"https:\/\/www.elsindical.com.ar\/notas\/wp-json\/wp\/v2\/comments?post=23236"}],"version-history":[{"count":3,"href":"https:\/\/www.elsindical.com.ar\/notas\/wp-json\/wp\/v2\/posts\/23236\/revisions"}],"predecessor-version":[{"id":23240,"href":"https:\/\/www.elsindical.com.ar\/notas\/wp-json\/wp\/v2\/posts\/23236\/revisions\/23240"}],"wp:attachment":[{"href":"https:\/\/www.elsindical.com.ar\/notas\/wp-json\/wp\/v2\/media?parent=23236"}],"wp:term":[{"taxonomy":"category","embeddable":true,"href":"https:\/\/www.elsindical.com.ar\/notas\/wp-json\/wp\/v2\/categories?post=23236"},{"taxonomy":"post_tag","embeddable":true,"href":"https:\/\/www.elsindical.com.ar\/notas\/wp-json\/wp\/v2\/tags?post=23236"}],"curies":[{"name":"wp","href":"https:\/\/api.w.org\/{rel}","templated":true}]}}