{"id":23233,"date":"2012-04-23T15:40:33","date_gmt":"2012-04-23T18:40:33","guid":{"rendered":"http:\/\/www.elsindical.com.ar\/notas\/?p=23233"},"modified":"2012-04-23T15:40:33","modified_gmt":"2012-04-23T18:40:33","slug":"la-campora-y-un-debut-indeseable-en-el-cpacf","status":"publish","type":"post","link":"https:\/\/www.elsindical.com.ar\/notas\/la-campora-y-un-debut-indeseable-en-el-cpacf\/","title":{"rendered":"La C\u00e1mpora y un debut indeseable en el CPACF"},"content":{"rendered":"<p style=\"text-align: justify;\">\u00a0\u00a0\u00a0 <a href=\"http:\/\/www.elsindical.com.ar\/notas\/var\/www\/html\/notas\/wp-content\/uploads\/2012\/04\/colegio-p\u00fablico-abogados-Cap-Fed.jpg\"><img loading=\"lazy\" decoding=\"async\" class=\"alignleft size-medium wp-image-23234\" title=\"colegio-p\u00fablico-abogados-Cap-Fed\" src=\"http:\/\/www.elsindical.com.ar\/notas\/var\/www\/html\/notas\/wp-content\/uploads\/2012\/04\/colegio-p\u00fablico-abogados-Cap-Fed-300x194.jpg\" alt=\"\" width=\"300\" height=\"194\" srcset=\"https:\/\/www.elsindical.com.ar\/notas\/var\/www\/html\/notas\/wp-content\/uploads\/2012\/04\/colegio-p\u00fablico-abogados-Cap-Fed-300x194.jpg 300w, https:\/\/www.elsindical.com.ar\/notas\/var\/www\/html\/notas\/wp-content\/uploads\/2012\/04\/colegio-p\u00fablico-abogados-Cap-Fed.jpg 531w\" sizes=\"auto, (max-width: 300px) 100vw, 300px\" \/><\/a><em>Abogados, transe\u00fantes y miembros de la agrupaci\u00f3n Gente de Derecho, denunciaron p\u00fablicamente, que un grupo de personas, que representan a la lista de La C\u00e1mpora en las pr\u00f3ximas elecciones de ma\u00f1ana en el Colegio P\u00fablico de Abogados de la Capital Federal, llegaron a las puertas de la sede, para intimidar y hasta agredir a las mujeres que se encontraban en ese momento, apoyando a la lista que propone a Jorge Rizzo como presidente.<\/em><\/p>\n<p style=\"text-align: justify;\">Los incidentes fueron subiendo en violencia, y a pesar de que en un momento hubo intervenci\u00f3n policial, curiosamente los empujones de las fuerzas de seguridad eran hacia\u00a0los miembros de la Lista 47.<\/p>\n<p style=\"text-align: justify;\">No es la primera vez, que se vincula a miembros de la agrupaci\u00f3n pol\u00edtica en hechos de violencia, y es conocida la forma que tienen de escrachar o intimidar a sus opositores, es una l\u00e1stima que no entiendan que los ciudadanos est\u00e1n cansados de los actos violentos y la intolerancia.<\/p>\n<p style=\"text-align: justify;\">Al cierre de la nota, desde la agrupaci\u00f3n no hicieron menci\u00f3n alguna a los hechos.<\/p>\n<p style=\"text-align: justify;\">Autoridades de la comisar\u00eda 3ra. de la Polic\u00eda Federal Argentina, minimizaron los hechos reconociendo que existieron algunas agresiones menores, pero que por tratarse de delitos de instancia privada no se produjeron detenciones, ni se hab\u00edan recibido denuncias al momento.<\/p>\n","protected":false},"excerpt":{"rendered":"<p>\u00a0\u00a0\u00a0 Abogados, transe\u00fantes y miembros de la agrupaci\u00f3n Gente de Derecho, denunciaron p\u00fablicamente, que un grupo de personas, que representan a la lista de La C\u00e1mpora en las pr\u00f3ximas elecciones de ma\u00f1ana en el Colegio P\u00fablico de Abogados de la Capital Federal, llegaron a las puertas de la sede, para intimidar y hasta agredir a&hellip;<\/p>\n","protected":false},"author":1,"featured_media":0,"comment_status":"open","ping_status":"open","sticky":false,"template":"","format":"standard","meta":{"footnotes":""},"categories":[6],"tags":[1117,11084,7669],"class_list":["post-23233","post","type-post","status-publish","format-standard","hentry","category-denuncias","tag-agresiones","tag-cpacf","tag-la-campora"],"_links":{"self":[{"href":"https:\/\/www.elsindical.com.ar\/notas\/wp-json\/wp\/v2\/posts\/23233","targetHints":{"allow":["GET"]}}],"collection":[{"href":"https:\/\/www.elsindical.com.ar\/notas\/wp-json\/wp\/v2\/posts"}],"about":[{"href":"https:\/\/www.elsindical.com.ar\/notas\/wp-json\/wp\/v2\/types\/post"}],"author":[{"embeddable":true,"href":"https:\/\/www.elsindical.com.ar\/notas\/wp-json\/wp\/v2\/users\/1"}],"replies":[{"embeddable":true,"href":"https:\/\/www.elsindical.com.ar\/notas\/wp-json\/wp\/v2\/comments?post=23233"}],"version-history":[{"count":1,"href":"https:\/\/www.elsindical.com.ar\/notas\/wp-json\/wp\/v2\/posts\/23233\/revisions"}],"predecessor-version":[{"id":23235,"href":"https:\/\/www.elsindical.com.ar\/notas\/wp-json\/wp\/v2\/posts\/23233\/revisions\/23235"}],"wp:attachment":[{"href":"https:\/\/www.elsindical.com.ar\/notas\/wp-json\/wp\/v2\/media?parent=23233"}],"wp:term":[{"taxonomy":"category","embeddable":true,"href":"https:\/\/www.elsindical.com.ar\/notas\/wp-json\/wp\/v2\/categories?post=23233"},{"taxonomy":"post_tag","embeddable":true,"href":"https:\/\/www.elsindical.com.ar\/notas\/wp-json\/wp\/v2\/tags?post=23233"}],"curies":[{"name":"wp","href":"https:\/\/api.w.org\/{rel}","templated":true}]}}