{"id":23218,"date":"2012-04-23T09:07:22","date_gmt":"2012-04-23T12:07:22","guid":{"rendered":"http:\/\/www.elsindical.com.ar\/notas\/?p=23218"},"modified":"2012-04-23T09:07:22","modified_gmt":"2012-04-23T12:07:22","slug":"efemeridesdel-dia-23-de-abril-2","status":"publish","type":"post","link":"https:\/\/www.elsindical.com.ar\/notas\/efemeridesdel-dia-23-de-abril-2\/","title":{"rendered":"EFEM\u00c9RIDES:DEL D\u00cdA 23 DE ABRIL"},"content":{"rendered":"<p style=\"text-align: justify;\"><a href=\"http:\/\/www.elsindical.com.ar\/notas\/var\/www\/html\/notas\/wp-content\/uploads\/2011\/04\/William-Shakespeare.jpg\"><img loading=\"lazy\" decoding=\"async\" class=\"alignleft size-full wp-image-13743\" title=\"William-Shakespeare\" src=\"http:\/\/www.elsindical.com.ar\/notas\/var\/www\/html\/notas\/wp-content\/uploads\/2011\/04\/William-Shakespeare.jpg\" alt=\"\" width=\"207\" height=\"193\" \/><\/a>En otro 23 de abril, pero de 1616, fallecen el escritor espa\u00f1ol Miguel de Cervantes Saavedra y el dramaturgo ingles William Shakespeare.<\/p>\n<p style=\"text-align: justify;\">1792- Es ahorcado y descuartizado en R\u00edo de Janeiro, por rebeld\u00eda contra el rey de Portugal, Joaquin Jos\u00e9 Da Silva Xavier, \u00abTiradentes\u00bb, considerado el primer h\u00e9roe nacional brasile\u00f1o.<\/p>\n<p style=\"text-align: justify;\">1798- \u00daltima ejecuci\u00f3n en la Plaza Mayor de Madrid. Mueren en el pat\u00edbulo Mar\u00eda Vicente de Mendieta y su amante, Santiago San Juan, asesinos del esposo de la primera.<\/p>\n<p style=\"text-align: justify;\">1801- El decreto del pr\u00edncipe regente de Brasil Juan VI suprime el monopolio real existente sobre el estanco de la sal, en favor de los brasile\u00f1os.<\/p>\n<p style=\"text-align: justify;\">1804- Rafael de Sobremonte es nombrado virrey de R\u00edo de la Plata.<\/p>\n<p style=\"text-align: justify;\">1848- Los franceses votan por primera vez de acuerdo con el sufragio universal.<\/p>\n<p style=\"text-align: justify;\">1858- Nace el f\u00edsico alem\u00e1n Max Planck, autor de la teor\u00eda de los \u00abquanta\u00bb y premio Nobel de F\u00edsica 1918.<\/p>\n<p style=\"text-align: justify;\">1875- Nace Federico Laredo Br\u00fa, independentista cubano, que fue presidente de su pa\u00eds desde 1936 hasta 1940.<\/p>\n<p style=\"text-align: justify;\">1902- Nace Halldor Kilian Laxnes, novelista island\u00e9s, P. Nobel de Literatura 1955.<\/p>\n<p style=\"text-align: justify;\">1906- Primera Constituci\u00f3n del pueblo ruso.<\/p>\n<p style=\"text-align: justify;\">1913- Vuelo del franc\u00e9s Letort de Par\u00eds a Berl\u00edn (920 kil\u00f3metros) sin escala, en 7 horas y 45 minutos.<\/p>\n<p style=\"text-align: justify;\">1920- La Asamblea Nacional de Ankara proclama la destituci\u00f3n del sult\u00e1n Mehmet VI.<\/p>\n<p style=\"text-align: justify;\">1922- Erupci\u00f3n del volc\u00e1n Colima, en M\u00e9xico.<\/p>\n<p style=\"text-align: justify;\">1923- Se inaugura en Lausana (Suiza) la Conferencia por la paz en Oriente, que re\u00fane a representantes de Gran Breta\u00f1a, Grecia e Italia.<\/p>\n<p style=\"text-align: justify;\">&#8211; Nace Manuel Mej\u00eda Vallejo, escritor colombiano, premio Nadal 1963.<\/p>\n<p style=\"text-align: justify;\">1925- Primera edici\u00f3n del \u00abQuijote\u00bb en sistema Braille.<\/p>\n<p style=\"text-align: justify;\">1928- Nace Shirley Temple, actriz de cine estadounidense.<\/p>\n<p style=\"text-align: justify;\">1941- Segunda Guerra Mundial: el Ej\u00e9rcito griego capitula ante las fuerzas alemanas.<\/p>\n<p style=\"text-align: justify;\">1945- Goering es destituido por haber formulado una pregunta sobre la sucesi\u00f3n de Hitler.<\/p>\n<p style=\"text-align: justify;\">1952- La televisi\u00f3n estadounidense emite en directo la explosi\u00f3n de la bomba at\u00f3mica m\u00e1s potente experimentada hasta la fecha.<\/p>\n<p style=\"text-align: justify;\">1954- Nace Michael Moore, escritor y cineasta norteamericano.<\/p>\n<p style=\"text-align: justify;\">1967- Primer accidente mortal conocido en la carrera espacial, al estrellarse la nave \u00abSoyuz\u00bb y morir su piloto Vladimir Komarov.<\/p>\n<p style=\"text-align: justify;\">1982- El poeta mexicano Octavio Paz recibe el premio Cervantes 1981.<\/p>\n<p style=\"text-align: justify;\">1986- Fallece Otto Preminger, cineasta estadounidense.<\/p>\n<p style=\"text-align: justify;\">&#8211; Fallecew Harold Arlen, compositor.<\/p>\n<p style=\"text-align: justify;\">1990- Namibia es admitida en la ONU.<\/p>\n<p style=\"text-align: justify;\">&#8211; Fallece Paulette Goddard, actriz estadounidense.<\/p>\n<p style=\"text-align: justify;\">1991- Un se\u00edsmo de 7,5 grados causa decenas de muertos en Panam\u00e1 y Costa Rica.<\/p>\n<p style=\"text-align: justify;\">1992- Fallece Satyajit Ray, cineasta indio.<\/p>\n<p style=\"text-align: justify;\">1996- El novelista espa\u00f1ol y Premio Nobel de Literatura Camilo Jos\u00e9 Cela recibe el Premio Cervantes.<\/p>\n<p style=\"text-align: justify;\">1998- El cubano Guillermo Cabrera Infante recibe el Premio Cervantes.<\/p>\n<p style=\"text-align: justify;\">&#8211; Fallece Constantinos Caramanlis, ex presidente y ex primer ministro conservador griego.<\/p>\n<p style=\"text-align: justify;\">2002- Uruguay rompe relaciones diplom\u00e1ticas con Cuba.<\/p>\n<p style=\"text-align: justify;\">&#8211; El escritor colombiano \u00c1lvaro Mutis recibe el Premio Cervantes de Literatura.<\/p>\n<p style=\"text-align: justify;\">2003- El presidente de Brasil, Lula da Silva, lanza el proyecto \u00abBrasil Alfabetizado\u00bb, un programa para alfabetizar a unos 20 millones de j\u00f3venes y adultos hasta 2006.<\/p>\n<p style=\"text-align: justify;\">2005- El escritor espa\u00f1ol Rafael S\u00e1nchez Ferlosio recibe el Premio Cervantes.<\/p>\n<p style=\"text-align: justify;\">&#8211; Fallece Sir John Mills, actor brit\u00e1nico.<\/p>\n<p style=\"text-align: justify;\">2007- Muere Boris Yeltsin, primer presidente ruso.<\/p>\n<p style=\"text-align: justify;\">&#8211; El poeta espa\u00f1ol Antonio Gamoneda recibe el Premio Cervantes.<\/p>\n<p style=\"text-align: justify;\">2010- Grecia pide la activaci\u00f3n del mecanismo de ayuda crediticia de la Uni\u00f3n Europea (UE) y el Fondo Monetario Internacional (FMI).<\/p>\n","protected":false},"excerpt":{"rendered":"<p>En otro 23 de abril, pero de 1616, fallecen el escritor espa\u00f1ol Miguel de Cervantes Saavedra y el dramaturgo ingles William Shakespeare. 1792- Es ahorcado y descuartizado en R\u00edo de Janeiro, por rebeld\u00eda contra el rey de Portugal, Joaquin Jos\u00e9 Da Silva Xavier, \u00abTiradentes\u00bb, considerado el primer h\u00e9roe nacional brasile\u00f1o. 1798- \u00daltima ejecuci\u00f3n en la&hellip;<\/p>\n","protected":false},"author":1,"featured_media":0,"comment_status":"open","ping_status":"open","sticky":false,"template":"","format":"standard","meta":{"footnotes":""},"categories":[14],"tags":[],"class_list":["post-23218","post","type-post","status-publish","format-standard","hentry","category-efemerides"],"_links":{"self":[{"href":"https:\/\/www.elsindical.com.ar\/notas\/wp-json\/wp\/v2\/posts\/23218","targetHints":{"allow":["GET"]}}],"collection":[{"href":"https:\/\/www.elsindical.com.ar\/notas\/wp-json\/wp\/v2\/posts"}],"about":[{"href":"https:\/\/www.elsindical.com.ar\/notas\/wp-json\/wp\/v2\/types\/post"}],"author":[{"embeddable":true,"href":"https:\/\/www.elsindical.com.ar\/notas\/wp-json\/wp\/v2\/users\/1"}],"replies":[{"embeddable":true,"href":"https:\/\/www.elsindical.com.ar\/notas\/wp-json\/wp\/v2\/comments?post=23218"}],"version-history":[{"count":2,"href":"https:\/\/www.elsindical.com.ar\/notas\/wp-json\/wp\/v2\/posts\/23218\/revisions"}],"predecessor-version":[{"id":23220,"href":"https:\/\/www.elsindical.com.ar\/notas\/wp-json\/wp\/v2\/posts\/23218\/revisions\/23220"}],"wp:attachment":[{"href":"https:\/\/www.elsindical.com.ar\/notas\/wp-json\/wp\/v2\/media?parent=23218"}],"wp:term":[{"taxonomy":"category","embeddable":true,"href":"https:\/\/www.elsindical.com.ar\/notas\/wp-json\/wp\/v2\/categories?post=23218"},{"taxonomy":"post_tag","embeddable":true,"href":"https:\/\/www.elsindical.com.ar\/notas\/wp-json\/wp\/v2\/tags?post=23218"}],"curies":[{"name":"wp","href":"https:\/\/api.w.org\/{rel}","templated":true}]}}