{"id":23215,"date":"2012-04-22T19:00:36","date_gmt":"2012-04-22T22:00:36","guid":{"rendered":"http:\/\/www.elsindical.com.ar\/notas\/?p=23215"},"modified":"2012-04-22T19:00:36","modified_gmt":"2012-04-22T22:00:36","slug":"suizaproponen-un-sueldo-de-e2-000-para-todos","status":"publish","type":"post","link":"https:\/\/www.elsindical.com.ar\/notas\/suizaproponen-un-sueldo-de-e2-000-para-todos\/","title":{"rendered":"Suiza:Proponen un sueldo de \u20ac2.000 para todos"},"content":{"rendered":"<p style=\"text-align: justify;\"><em><a href=\"http:\/\/www.elsindical.com.ar\/notas\/var\/www\/html\/notas\/wp-content\/uploads\/2011\/10\/d\u00f3lares-y-euros.jpg\"><img loading=\"lazy\" decoding=\"async\" class=\"alignleft size-medium wp-image-17395\" title=\"d\u00f3lares-y-euros\" src=\"http:\/\/www.elsindical.com.ar\/notas\/var\/www\/html\/notas\/wp-content\/uploads\/2011\/10\/d\u00f3lares-y-euros-300x225.jpg\" alt=\"\" width=\"300\" height=\"225\" srcset=\"https:\/\/www.elsindical.com.ar\/notas\/var\/www\/html\/notas\/wp-content\/uploads\/2011\/10\/d\u00f3lares-y-euros-300x225.jpg 300w, https:\/\/www.elsindical.com.ar\/notas\/var\/www\/html\/notas\/wp-content\/uploads\/2011\/10\/d\u00f3lares-y-euros.jpg 325w\" sizes=\"auto, (max-width: 300px) 100vw, 300px\" \/><\/a>El<strong> proyecto de ley<\/strong>, presentado por un grupo de legisladores, busca que la gente<strong> trabaje por gusto<\/strong>, no por necesidad.\u00a0 El salar\u00edo m\u00ednimo, argumentan sus promotores, motivar\u00e1 a los cuidadanos a buscar empleos m\u00e1s a acorde a sus intereses.<\/em><\/p>\n<p style=\"text-align: justify;\">El proyecto, publicado en el bolet\u00edn federal bajo el t\u00edtulo \u00abPor un subsidio de base incondicional\u00bb, propone un <strong>salario fijo<\/strong> para todos sus ciudadanos de entre 2.000 y 2.500 francos (1.500 y 2.000 euros), de acuerdo al diario espa\u00f1ol <a href=\"http:\/\/www.elmundo.es\/elmundo\/2012\/04\/13\/economia\/1334341361.html\" target=\"_blank\"><em>El Mundo<\/em><\/a>.<\/p>\n<p style=\"text-align: justify;\"><strong>\u00abEste salario permitir\u00e1 liberar a la gente de la obligaci\u00f3n de trabajar para ganarse la vida<\/strong>\u00ab, explic\u00f3 Oswald Sigg, miembro del comit\u00e9 de la iniciativa. <strong>\u00abLa gente no trabajar\u00e1 menos, sino que lo har\u00e1 de otra manera, m\u00e1s de acuerdo con sus intereses personales. Y los que quieran ganar m\u00e1s, trabajar\u00e1n m\u00e1s\u00bb<\/strong>, agreg\u00f3.<\/p>\n<p style=\"text-align: justify;\"><strong>La iniciativa se financiar\u00eda con la suba de impuestos.<\/strong> Este salario costar\u00eda un tercio del PBI nacional del pa\u00eds: <strong>200.000 millones de euros<\/strong>. Para llevar adelante el proyecto, tambi\u00e9n, se prev\u00e9 aumentar los grav\u00e1menes a las grandes rentas y a las fortunas.<\/p>\n<p style=\"text-align: justify;\">El economista Samuel Bendahan defiende las virtudes de la norma. A su juicio, <strong>\u00abla gente trabaja por motivaci\u00f3n intr\u00ednseca, por motivos sociales y no por dinero\u00bb<\/strong>, por lo que la incitaci\u00f3n al trabajo ser\u00eda a\u00fan mayor gracias a esta prestaci\u00f3n. <strong>\u00abLa gente no aceptar\u00e1 las profesiones ingratas. Esto obligar\u00eda a la econom\u00eda a invertir en profesiones m\u00e1s atractivas, haciendo m\u00e1s justo el mercado de trabajo<\/strong>\u00ab, asegura Bendahan.<\/p>\n<p style=\"text-align: justify;\">Esta propuesta cambiar\u00eda el mercado laboral.<strong>\u00abSin la necesidad de ganar dinero para comer se dar\u00eda oportunidad a todo el mundo para dedicarse a lo que quiere<\/strong>\u00ab, alegan sus promotores.<\/p>\n<p style=\"text-align: justify;\"><strong>La iniciativa no es nueva.<\/strong> El rotativo espa\u00f1ol cita ejemplos como la propuesta de una <strong>Renta B\u00e1sica Universa<\/strong>l propuesta en 1985 en la universidad de Lovaina en B\u00e9lgica, y en Espa\u00f1a, la presentada por un grupo parlamentario en 2006.<\/p>\n<p style=\"text-align: justify;\">La prestaci\u00f3n, de acuerdo al mencionado diario, funciona de manera parcial en Brasil -bajo el nombre de Bolsa Familia-, Canad\u00e1 y Alaska.<\/p>\n<p style=\"text-align: justify;\"><strong>Canad\u00e1 <\/strong>cuenta con un <strong>salario m\u00ednimo universal para los mayores de 65 a\u00f1os<\/strong>, que reciben un dinero al margen de su pensi\u00f3n. En <strong>Alaska<\/strong>, sus 700.000 ciudadanos disponen a final de mes de un<strong> salario m\u00ednimo <\/strong>a cargo del Estado.<\/p>\n<p style=\"text-align: justify;\">Muchos economistas advierten sobre la dificultad de aplicar semejante iniciativa. Para ellos,<strong> es muy ingenuo pensar que la gente vaya a trabajar por mero placer<\/strong>.<\/p>\n<p style=\"text-align: justify;\">\n<div style=\"text-align: justify;\"><strong>Fuente:<\/strong> El Mundo<\/div>\n","protected":false},"excerpt":{"rendered":"<p>El proyecto de ley, presentado por un grupo de legisladores, busca que la gente trabaje por gusto, no por necesidad.\u00a0 El salar\u00edo m\u00ednimo, argumentan sus promotores, motivar\u00e1 a los cuidadanos a buscar empleos m\u00e1s a acorde a sus intereses. El proyecto, publicado en el bolet\u00edn federal bajo el t\u00edtulo \u00abPor un subsidio de base incondicional\u00bb,&hellip;<\/p>\n","protected":false},"author":1,"featured_media":0,"comment_status":"open","ping_status":"open","sticky":false,"template":"","format":"standard","meta":{"footnotes":""},"categories":[18],"tags":[2240,2862,3291,2997,1494],"class_list":["post-23215","post","type-post","status-publish","format-standard","hentry","category-internacionales","tag-ciudadanos","tag-euros","tag-promotores","tag-proyecto-de-ley","tag-salario"],"_links":{"self":[{"href":"https:\/\/www.elsindical.com.ar\/notas\/wp-json\/wp\/v2\/posts\/23215","targetHints":{"allow":["GET"]}}],"collection":[{"href":"https:\/\/www.elsindical.com.ar\/notas\/wp-json\/wp\/v2\/posts"}],"about":[{"href":"https:\/\/www.elsindical.com.ar\/notas\/wp-json\/wp\/v2\/types\/post"}],"author":[{"embeddable":true,"href":"https:\/\/www.elsindical.com.ar\/notas\/wp-json\/wp\/v2\/users\/1"}],"replies":[{"embeddable":true,"href":"https:\/\/www.elsindical.com.ar\/notas\/wp-json\/wp\/v2\/comments?post=23215"}],"version-history":[{"count":2,"href":"https:\/\/www.elsindical.com.ar\/notas\/wp-json\/wp\/v2\/posts\/23215\/revisions"}],"predecessor-version":[{"id":23217,"href":"https:\/\/www.elsindical.com.ar\/notas\/wp-json\/wp\/v2\/posts\/23215\/revisions\/23217"}],"wp:attachment":[{"href":"https:\/\/www.elsindical.com.ar\/notas\/wp-json\/wp\/v2\/media?parent=23215"}],"wp:term":[{"taxonomy":"category","embeddable":true,"href":"https:\/\/www.elsindical.com.ar\/notas\/wp-json\/wp\/v2\/categories?post=23215"},{"taxonomy":"post_tag","embeddable":true,"href":"https:\/\/www.elsindical.com.ar\/notas\/wp-json\/wp\/v2\/tags?post=23215"}],"curies":[{"name":"wp","href":"https:\/\/api.w.org\/{rel}","templated":true}]}}